{"id":1030,"date":"2003-08-01T00:00:15","date_gmt":"2003-08-01T06:00:15","guid":{"rendered":"http:\/\/bancoinfo.panorama-agro.com\/?p=1030"},"modified":"2015-02-25T17:58:24","modified_gmt":"2015-02-26T00:58:24","slug":"presenta-borlaug-maiz-qpm-en-hidalgo-mexico","status":"publish","type":"post","link":"https:\/\/panorama-agro.com\/?p=1030","title":{"rendered":"Presenta Borlaug ma\u00edz QPM en Hidalgo, M\u00e9xico"},"content":{"rendered":"<h5 style=\"text-align: center;\"><strong><em>* El Premio Nobel lament\u00f3 que no se haga un aprovechamiento en M\u00e9xico de este ma\u00edz<\/em><\/strong><\/h5>\n<p class=\"ContentText\" align=\"justify\"><em><strong>Ciudad de M\u00e9xico (6 agosto 2003).- <\/strong><\/em>El premio Nobel de la Paz 1970, Norman Borlaug, present\u00f3 este mi\u00e9rcoles en Hidalgo el ma\u00edz QPM, de alta calidad nutritiva y de f\u00e1cil adaptaci\u00f3n a todos los climas y terrenos.<\/p>\n<p class=\"ContentText\" align=\"justify\">La visita del acad\u00e9mico, con 45 doctorados honoris causa, se debi\u00f3 al inter\u00e9s del Gobierno del Estado para sembrar en territorio hidalguense este grano.<\/p>\n<p class=\"ContentText\" align=\"justify\">Aunque Borlaug destac\u00f3 el inter\u00e9s de Hidalgo para utilizar esta semilla mejorada, tambi\u00e9n lament\u00f3 que no se haga un aprovechamiento en M\u00e9xico del ma\u00edz QPM, y en cambio otras naciones s\u00ed lo hagan.<\/p>\n<p class=\"ContentText\" align=\"justify\">&#8220;En gran parte de pa\u00edses pobres del continente africano el ma\u00edz se ha convertido en uno de los alimentos b\u00e1sicos en la dieta de muchas personas, y es que las grandes epidemias que azotan al ganado incide en una disminuci\u00f3n considerable de los vol\u00famenes de producci\u00f3n de carne y de leche&#8221;, mencion\u00f3.<\/p>\n<p class=\"ContentText\" align=\"justify\">&#8220;En esas naciones no hay carne ni leche, pero hay ma\u00edz QPM, que se aprovecha con buenos resultados. M\u00e9xico debe tomar ese ejemplo y qu\u00e9 bueno que ahora el Gobierno de Hidalgo se interese por retomar el cultivo y la producci\u00f3n de este ma\u00edz, que ser\u00e1 de gran utilidad para los prop\u00f3sitos alimenticios&#8221;.<\/p>\n<p class=\"ContentText\" align=\"justify\">Durante la reuni\u00f3n, el Secretario de Agricultura del Estado, Omar Fayad Meneses, inform\u00f3 que en Hidalgo se sembrar\u00e1n unas 4 mil 500 hect\u00e1reas del ma\u00edz QPM en varias regiones, principalmente en la Sierra, la Huasteca, el Altiplano, el Valle del Mezquital y la Otom\u00ed Tepehua.<\/p>\n","protected":false},"excerpt":{"rendered":"<p>* El Premio Nobel lament\u00f3 que no se haga un aprovechamiento en M\u00e9xico de este ma\u00edz Ciudad de M\u00e9xico (6 agosto 2003).- El premio Nobel de<span class=\"excerpt-hellip\"> [\u2026]<\/span><\/p>\n","protected":false},"author":4,"featured_media":0,"comment_status":"open","ping_status":"open","sticky":false,"template":"","format":"image","meta":{"ngg_post_thumbnail":0,"jetpack_post_was_ever_published":false,"_jetpack_newsletter_access":"","_jetpack_newsletter_tier_id":0,"footnotes":""},"categories":[5],"tags":[],"acf":[],"jetpack_featured_media_url":"","jetpack_sharing_enabled":true,"jetpack_shortlink":"https:\/\/wp.me\/p5Aau3-gC","_links":{"self":[{"href":"https:\/\/panorama-agro.com\/index.php?rest_route=\/wp\/v2\/posts\/1030"}],"collection":[{"href":"https:\/\/panorama-agro.com\/index.php?rest_route=\/wp\/v2\/posts"}],"about":[{"href":"https:\/\/panorama-agro.com\/index.php?rest_route=\/wp\/v2\/types\/post"}],"author":[{"embeddable":true,"href":"https:\/\/panorama-agro.com\/index.php?rest_route=\/wp\/v2\/users\/4"}],"replies":[{"embeddable":true,"href":"https:\/\/panorama-agro.com\/index.php?rest_route=%2Fwp%2Fv2%2Fcomments&post=1030"}],"version-history":[{"count":3,"href":"https:\/\/panorama-agro.com\/index.php?rest_route=\/wp\/v2\/posts\/1030\/revisions"}],"predecessor-version":[{"id":1033,"href":"https:\/\/panorama-agro.com\/index.php?rest_route=\/wp\/v2\/posts\/1030\/revisions\/1033"}],"wp:attachment":[{"href":"https:\/\/panorama-agro.com\/index.php?rest_route=%2Fwp%2Fv2%2Fmedia&parent=1030"}],"wp:term":[{"taxonomy":"category","embeddable":true,"href":"https:\/\/panorama-agro.com\/index.php?rest_route=%2Fwp%2Fv2%2Fcategories&post=1030"},{"taxonomy":"post_tag","embeddable":true,"href":"https:\/\/panorama-agro.com\/index.php?rest_route=%2Fwp%2Fv2%2Ftags&post=1030"}],"curies":[{"name":"wp","href":"https:\/\/api.w.org\/{rel}","templated":true}]}}