{"id":1220,"date":"1999-11-01T00:00:19","date_gmt":"1999-11-01T07:00:19","guid":{"rendered":"http:\/\/bancoinfo.panorama-agro.com\/?p=1220"},"modified":"2015-02-27T16:44:58","modified_gmt":"2015-02-27T23:44:58","slug":"algunas-sugerencias-para-el-manejo-del-tomatillo","status":"publish","type":"post","link":"https:\/\/panorama-agro.com\/?p=1220","title":{"rendered":"Algunas sugerencias para el manejo del tomatillo"},"content":{"rendered":"<h5 class=\"CultivoSubTituloCentered\" style=\"text-align: center;\" align=\"right\"><strong>Aspectos de tecnolog\u00eda de manejo<\/strong><\/h5>\n<p class=\"ContentText\" align=\"justify\">El tomatillo, cuya siembra ha cobrado auge en los \u00faltimos a\u00f1os, se establece principalmente en dos per\u00edodos conocidos como tempranos y tard\u00edos; la primera es en septiembre y la segunda del 1 al 15 de diciembre, por lo que conviene recordar que la distancia entre surcos recomendada es de 1.60 a 1.80 m, depositando la semilla a profundidad de una pulgada.<\/p>\n<p class=\"ContentText\" align=\"justify\">Al utilizar sembradoras de precisi\u00f3n, es posible obtener una buena poblaci\u00f3n utilizando \u00fanicamente una libra por hect\u00e1rea.<\/p>\n<p class=\"ContentText\" align=\"justify\">En funci\u00f3n de los antecedentes de maleza del terreno y de las condiciones de clima, particularmente en las fechas tard\u00edas y cuando el \u00edndice de precipitaci\u00f3n es elevado, se precisa mantener un programa de control de malas hierbas.<\/p>\n<p class=\"ContentText\" align=\"justify\">Si la siembra se ha realizado en seco, se recomienda aplicar herbicida en banda de 30 cm sobre el lomo del surco, utilizando 4 litros de Prefar 480 E o 2lt de Debrinol 240 E por ha.<\/p>\n<p class=\"ContentText\" align=\"justify\">Cuando las plantas tengan de 3 a 4 hojas verdaderas se recomienda realizar el desahije para dejar entre 4 y 5 plantas por metro, que es la poblaci\u00f3n adecuada., mientras que los riegos deben aplicarse en la forma siguiente: Para siembras en seco y despu\u00e9s de la aplicaci\u00f3n del herbicida, se recomienda aplicar el primer riego para germinaci\u00f3n a trasporo y ligero.<\/p>\n<p class=\"ContentText\" align=\"justify\">Inmediatamente despu\u00e9s del desahije debe realizarse el primer cultivo y el cierre de la fertilizaci\u00f3n, para inmediatamente despu\u00e9s aplicar el primer riego de auxilio y los siguientes, en funci\u00f3n de las necesidades del cultivo.<\/p>\n<p class=\"ContentText\" align=\"justify\">En cuanto a las plagas, su incidencia y necesidad de control depende de las condiciones de clima, cultivos vecinos y \u00e9poca de siembra, ya sea temprana o tard\u00eda. Las principales plagas pueden requerir medidas de control qu\u00edmico son gusano alfiler, minador de la hoja, gusano del fruto, trips, mosca blanca, pulgones, falso medidor, pulga saltona, gusano peludo, \u00e1caro blanco y trips amarillo.<\/p>\n<p class=\"ContentText\" align=\"justify\">La cosecha debe llevarse a cabo una vez que el fruto llene completamente la bolsa que lo cubre y se realiza en forma manual.<\/p>\n<p class=\"ContentText\" align=\"justify\">Al concluir el primer corte, se recomienda la aplicaci\u00f3n de clorotalonil m\u00e1s azufre para contrarrestar los problemas de enfermedades. Simult\u00e1neamente es conveniente aplicar Foltron plus (10-20-5) m\u00e1s elementos menores como folisisteina y \u00e1cido h\u00famico.<\/p>\n<p class=\"ContentText\" align=\"justify\">La aplicaci\u00f3n de fertilizantes foliares es especialmente \u00fatil en este per\u00edodo porque permite un mejor amarre de flores y desarrollo de los frutos.<\/p>\n<p class=\"ContentText\" align=\"justify\">Despu\u00e9s del corte aplique un riego de auxilio, aplicando en el agua un fertilizante l\u00edquido a base de nitr\u00f3geno activado, para 12 a 15 d\u00edas despu\u00e9s realizar el segundo corte, aplicando fungicidas sist\u00e9micos o de contacto seg\u00fan sean las condiciones de clima y posibilidades de ocurrencia de enfermedades.<\/p>\n<p class=\"ContentText\" align=\"justify\">A los 15 d\u00edas posteriores se recomienda dar el tercero y \u00faltimo corte, procediendo a m\u00e1s tardar dos semanas despu\u00e9s a la destrucci\u00f3n de las socas, para evitar que se conviertan en hospederas de plagas o enfermedades.<\/p>\n","protected":false},"excerpt":{"rendered":"<p>Aspectos de tecnolog\u00eda de manejo El tomatillo, cuya siembra ha cobrado auge en los \u00faltimos a\u00f1os, se establece principalmente en dos per\u00edodos conocidos como tempranos y<span class=\"excerpt-hellip\"> [\u2026]<\/span><\/p>\n","protected":false},"author":4,"featured_media":0,"comment_status":"open","ping_status":"open","sticky":false,"template":"","format":"image","meta":{"ngg_post_thumbnail":0,"jetpack_post_was_ever_published":false,"_jetpack_newsletter_access":"","_jetpack_newsletter_tier_id":0,"footnotes":""},"categories":[32],"tags":[],"acf":[],"jetpack_featured_media_url":"","jetpack_sharing_enabled":true,"jetpack_shortlink":"https:\/\/wp.me\/p5Aau3-jG","_links":{"self":[{"href":"https:\/\/panorama-agro.com\/index.php?rest_route=\/wp\/v2\/posts\/1220"}],"collection":[{"href":"https:\/\/panorama-agro.com\/index.php?rest_route=\/wp\/v2\/posts"}],"about":[{"href":"https:\/\/panorama-agro.com\/index.php?rest_route=\/wp\/v2\/types\/post"}],"author":[{"embeddable":true,"href":"https:\/\/panorama-agro.com\/index.php?rest_route=\/wp\/v2\/users\/4"}],"replies":[{"embeddable":true,"href":"https:\/\/panorama-agro.com\/index.php?rest_route=%2Fwp%2Fv2%2Fcomments&post=1220"}],"version-history":[{"count":2,"href":"https:\/\/panorama-agro.com\/index.php?rest_route=\/wp\/v2\/posts\/1220\/revisions"}],"predecessor-version":[{"id":1222,"href":"https:\/\/panorama-agro.com\/index.php?rest_route=\/wp\/v2\/posts\/1220\/revisions\/1222"}],"wp:attachment":[{"href":"https:\/\/panorama-agro.com\/index.php?rest_route=%2Fwp%2Fv2%2Fmedia&parent=1220"}],"wp:term":[{"taxonomy":"category","embeddable":true,"href":"https:\/\/panorama-agro.com\/index.php?rest_route=%2Fwp%2Fv2%2Fcategories&post=1220"},{"taxonomy":"post_tag","embeddable":true,"href":"https:\/\/panorama-agro.com\/index.php?rest_route=%2Fwp%2Fv2%2Ftags&post=1220"}],"curies":[{"name":"wp","href":"https:\/\/api.w.org\/{rel}","templated":true}]}}