{"id":1289,"date":"2003-07-01T00:00:57","date_gmt":"2003-07-01T06:00:57","guid":{"rendered":"http:\/\/bancoinfo.panorama-agro.com\/?p=1289"},"modified":"2015-03-02T17:50:44","modified_gmt":"2015-03-03T00:50:44","slug":"hallan-gen-contra-plaga-en-papa-mexicana","status":"publish","type":"post","link":"https:\/\/panorama-agro.com\/?p=1289","title":{"rendered":"Hallan gen contra plaga en papa mexicana"},"content":{"rendered":"<p class=\"ContentText\" style=\"text-align: left;\" align=\"right\">Cient\u00edficos estadounidenses descubrieron un gen que protege a las papas de plagas como la que diezm\u00f3 a la poblaci\u00f3n de Irlanda en el Siglo 19, seg\u00fan un estudio publicado en la revista Proceedings de la Academia de Ciencias de Estados Unidos.<\/p>\n<p class=\"ContentText\" align=\"justify\">El descubrimiento del gen, por cient\u00edficos de la Universidad de Wisconsin en Madison, en la papa (patata) silvestre mexicana Solanum bulbocastanum tiene gran potencial, porque su clonaci\u00f3n se usar\u00eda para proteger las variedades comerciales del tub\u00e9rculo contra el hongo pat\u00f3geno que mata la planta.<\/p>\n<p class=\"ContentText\" align=\"justify\">&#8220;Pensamos que podr\u00e1 ser muy \u00fatil. En Estados Unidos no se cultiva ninguna papa que tenga resistencia a esta enfermedad&#8221;, dijo el investigador John Helgeson, profesor de Patolog\u00eda Vegetal de la Universidad de Wisconsin, que realiz\u00f3 la investigaci\u00f3n junto con un equipo del Departamento de Agricultura de EU.<\/p>\n<p class=\"ContentText\" align=\"justify\">Seg\u00fan Juming Jiang, profesor de Horticultura de la Universidad, el gen se ha insertado en varias especies y &#8220;hasta ahora las plantas han resistido todo lo que le hemos aplicado&#8221;.<\/p>\n<p class=\"ContentText\" align=\"justify\">El gen que protege a las plantas del hongo proviene de una planta que evolucion\u00f3 en M\u00e9xico y se descubri\u00f3 como resultado del surgimiento de una nueva cepa nociva del organismo que afect\u00f3 a Estados Unidos en 1994.<\/p>\n<p class=\"ContentText\" align=\"justify\">La papa es un alimento b\u00e1sico en Irlanda y la aparici\u00f3n de la plaga en ese pa\u00eds en el Siglo 19 provoc\u00f3 durante cinco a\u00f1os una hambruna que diezm\u00f3 a su poblaci\u00f3n y caus\u00f3 una emigraci\u00f3n que tuvo consecuencias sociales en todo el mundo.<\/p>\n<p class=\"ContentText\" align=\"justify\">Al menos en Estados Unidos, las sustancias qu\u00edmicas utilizadas para eliminar el hongo han mantenido a raya a la enfermedad.<\/p>\n<p class=\"ContentText\" align=\"justify\">Sin embargo, seg\u00fan manifestaron los cient\u00edficos en el estudio, han surgido nuevas cepas del organismo, lo que ha obligado a los agricultores a aumentar las fumigaciones y, por lo tanto, se han aumentado los costos de producci\u00f3n y el da\u00f1o ambiental.<\/p>\n<p class=\"ContentText\" align=\"justify\">Una vez que el gen se identifique, clone y se someta a pruebas en variedades de laboratorio, se crear\u00e1 una nueva tecnolog\u00eda que supondr\u00e1 el ahorro de millones de d\u00f3lares para los agricultores y un enorme beneficio ambiental, al eliminarse la aplicaci\u00f3n de miles de toneladas de sustancias t\u00f3xicas, indic\u00f3 el estudio.<\/p>\n","protected":false},"excerpt":{"rendered":"<p>Cient\u00edficos estadounidenses descubrieron un gen que protege a las papas de plagas como la que diezm\u00f3 a la poblaci\u00f3n de Irlanda en el Siglo 19, seg\u00fan<span class=\"excerpt-hellip\"> [\u2026]<\/span><\/p>\n","protected":false},"author":4,"featured_media":0,"comment_status":"open","ping_status":"open","sticky":false,"template":"","format":"image","meta":{"ngg_post_thumbnail":0,"jetpack_post_was_ever_published":false,"_jetpack_newsletter_access":"","_jetpack_newsletter_tier_id":0,"footnotes":""},"categories":[36],"tags":[],"acf":[],"jetpack_featured_media_url":"","jetpack_sharing_enabled":true,"jetpack_shortlink":"https:\/\/wp.me\/p5Aau3-kN","_links":{"self":[{"href":"https:\/\/panorama-agro.com\/index.php?rest_route=\/wp\/v2\/posts\/1289"}],"collection":[{"href":"https:\/\/panorama-agro.com\/index.php?rest_route=\/wp\/v2\/posts"}],"about":[{"href":"https:\/\/panorama-agro.com\/index.php?rest_route=\/wp\/v2\/types\/post"}],"author":[{"embeddable":true,"href":"https:\/\/panorama-agro.com\/index.php?rest_route=\/wp\/v2\/users\/4"}],"replies":[{"embeddable":true,"href":"https:\/\/panorama-agro.com\/index.php?rest_route=%2Fwp%2Fv2%2Fcomments&post=1289"}],"version-history":[{"count":2,"href":"https:\/\/panorama-agro.com\/index.php?rest_route=\/wp\/v2\/posts\/1289\/revisions"}],"predecessor-version":[{"id":1291,"href":"https:\/\/panorama-agro.com\/index.php?rest_route=\/wp\/v2\/posts\/1289\/revisions\/1291"}],"wp:attachment":[{"href":"https:\/\/panorama-agro.com\/index.php?rest_route=%2Fwp%2Fv2%2Fmedia&parent=1289"}],"wp:term":[{"taxonomy":"category","embeddable":true,"href":"https:\/\/panorama-agro.com\/index.php?rest_route=%2Fwp%2Fv2%2Fcategories&post=1289"},{"taxonomy":"post_tag","embeddable":true,"href":"https:\/\/panorama-agro.com\/index.php?rest_route=%2Fwp%2Fv2%2Ftags&post=1289"}],"curies":[{"name":"wp","href":"https:\/\/api.w.org\/{rel}","templated":true}]}}