{"id":1452,"date":"2015-03-05T13:12:55","date_gmt":"2015-03-05T20:12:55","guid":{"rendered":"http:\/\/bancoinfo.panorama-agro.com\/?p=1452"},"modified":"2015-03-09T12:05:46","modified_gmt":"2015-03-09T19:05:46","slug":"rabia-del-garbanzo-informacion","status":"publish","type":"post","link":"https:\/\/panorama-agro.com\/?p=1452","title":{"rendered":"Rabia del garbanzo &#8211; Informaci\u00f3n"},"content":{"rendered":"<h5>Introducci\u00f3n<\/h5>\n<p>La rabia del garbanzo es la enfermedad m\u00e1s importante en el cultivo de garbanzo.<\/p>\n<p><em>Fusarium oxysporum<\/em> f. sp. <em>ciceris<\/em> es un hongo que habita el suelo y est\u00e1 patog\u00e9nicamente especializado sobre especies de Cicer.<\/p>\n<h5>Sintomatolog\u00eda<\/h5>\n<p>Los sintomas se pueden observar en pl\u00e1ntulas de unos 20 dias de edad.<\/p>\n<p>En la parte aerea hemos diferenciado dos s\u00edndromes:<\/p>\n<ol>\n<li><em><strong>Marchitez:<\/strong><\/em> se caracteriza por la flacidez de algunas hojas en cualquier nivel de la planta.<\/li>\n<li><em><strong>Amarillamiento vascular:<\/strong> <\/em>se caracteriza por un amarillamiento de lo fol\u00edolos de las hojas inferiores que afectan progresivamente a las hojas superiores.<\/li>\n<\/ol>\n<p>La parte subterranea de las plantas afectadas no manifestan lesiones ni decoloraciones externas en los primeros momentos.<\/p>\n<p>Un s\u00edntoma interno es la coloraci\u00f3n marr\u00f3n oscura que adquire el xilema y la m\u00e9dula en la ra\u00edz, cuello, y tallo de la plantas afectadas.<\/p>\n<h5>Etiolog\u00eda y epidemiolog\u00eda<\/h5>\n<p>En un suelo infestado por <em>fusarium oxysporum<\/em> f.sp. <em>ciceris<\/em>, el ciclo de la enfermedad se inicia cuando el sistema radicular del garbanzo establece contacto con estructuras del pat\u00f3geno existentes en el suelo.<\/p>\n<p>La velocidad y estensi\u00f3n de dicha colonizacion depende:<\/p>\n<ol>\n<li>De la susceptibilidad de la planta<\/li>\n<li>De la virulencia<\/li>\n<li>De la cantidad de in\u00f3culo del pat\u00f3geno<\/li>\n<li>De las condiciones clim\u00e1ticas<\/li>\n<\/ol>\n<h5>M\u00e9todos de control<\/h5>\n<p><em><strong>Metodos culturales y biologicos:<\/strong><\/em><\/p>\n<ul>\n<li>Una medida muy importante es evitar la siembra en parcelas donde se hayan cultivado garbanzos y se haya presentado la enfermedad.<\/li>\n<li>Respetar la fecha de siembra recomendada.<\/li>\n<li>Realizar siembra profunda y con menor densidad.<\/li>\n<li>Efectuar riegos ligeros en presiembra y prefloracion, evitando los encharcamientos que favorecen la enfermedad.<\/li>\n<li>Adecuaci\u00f3n de fertilizaci\u00f3n fosf\u00f3rica.<\/li>\n<li>Destruir residuos infectados para evitar su diseminaci\u00f3n.<\/li>\n<\/ul>\n<p><em><strong>Control qu\u00edmico:<\/strong><\/em><\/p>\n<p>El control qu\u00edmico contra la enfermedad presenta serios inconvenientes, es costoso por lo que debe procurarse emplear otros m\u00e9todos de combate.<\/p>\n<p><em><strong>Variedades resistentes:<\/strong><\/em><\/p>\n<p>La utilizaci\u00f3n de variedades resistentes es el medio de lucha m\u00e1s eficaz contra esta enfermedad.<\/p>\n","protected":false},"excerpt":{"rendered":"<p>Introducci\u00f3n La rabia del garbanzo es la enfermedad m\u00e1s importante en el cultivo de garbanzo. Fusarium oxysporum f. sp. ciceris es un hongo que habita el<span class=\"excerpt-hellip\"> [\u2026]<\/span><\/p>\n","protected":false},"author":4,"featured_media":1453,"comment_status":"open","ping_status":"open","sticky":false,"template":"","format":"image","meta":{"ngg_post_thumbnail":0,"jetpack_post_was_ever_published":false,"_jetpack_newsletter_access":"","_jetpack_newsletter_tier_id":0,"footnotes":""},"categories":[47,67],"tags":[],"acf":[],"jetpack_featured_media_url":"https:\/\/panorama-agro.com\/wp-content\/uploads\/2015\/03\/Garbanzo-Fusarium-oxysporum-F.-sp-ciceri-raiz-sana-y-ra\u00edces-enfermas.jpg","jetpack_sharing_enabled":true,"jetpack_shortlink":"https:\/\/wp.me\/p5Aau3-nq","_links":{"self":[{"href":"https:\/\/panorama-agro.com\/index.php?rest_route=\/wp\/v2\/posts\/1452"}],"collection":[{"href":"https:\/\/panorama-agro.com\/index.php?rest_route=\/wp\/v2\/posts"}],"about":[{"href":"https:\/\/panorama-agro.com\/index.php?rest_route=\/wp\/v2\/types\/post"}],"author":[{"embeddable":true,"href":"https:\/\/panorama-agro.com\/index.php?rest_route=\/wp\/v2\/users\/4"}],"replies":[{"embeddable":true,"href":"https:\/\/panorama-agro.com\/index.php?rest_route=%2Fwp%2Fv2%2Fcomments&post=1452"}],"version-history":[{"count":6,"href":"https:\/\/panorama-agro.com\/index.php?rest_route=\/wp\/v2\/posts\/1452\/revisions"}],"predecessor-version":[{"id":1498,"href":"https:\/\/panorama-agro.com\/index.php?rest_route=\/wp\/v2\/posts\/1452\/revisions\/1498"}],"wp:featuredmedia":[{"embeddable":true,"href":"https:\/\/panorama-agro.com\/index.php?rest_route=\/wp\/v2\/media\/1453"}],"wp:attachment":[{"href":"https:\/\/panorama-agro.com\/index.php?rest_route=%2Fwp%2Fv2%2Fmedia&parent=1452"}],"wp:term":[{"taxonomy":"category","embeddable":true,"href":"https:\/\/panorama-agro.com\/index.php?rest_route=%2Fwp%2Fv2%2Fcategories&post=1452"},{"taxonomy":"post_tag","embeddable":true,"href":"https:\/\/panorama-agro.com\/index.php?rest_route=%2Fwp%2Fv2%2Ftags&post=1452"}],"curies":[{"name":"wp","href":"https:\/\/api.w.org\/{rel}","templated":true}]}}