{"id":1509,"date":"2015-03-10T19:18:38","date_gmt":"2015-03-11T02:18:38","guid":{"rendered":"http:\/\/bancoinfo.panorama-agro.com\/?p=1509"},"modified":"2015-03-25T10:23:44","modified_gmt":"2015-03-25T17:23:44","slug":"roya-del-garbanzo-informacion","status":"publish","type":"post","link":"https:\/\/panorama-agro.com\/?p=1509","title":{"rendered":"Roya del garbanzo &#8211; Informaci\u00f3n"},"content":{"rendered":"<h5>Descripci\u00f3n<\/h5>\n<p>Roya autoica y macroc\u00edclica. Los uredios hipofilos y dispersos, son pulverulentos y de color canela. Sus esporas son unicelulares, globosas, de pared gruesa y color marr\u00f3n amarillento y miden 20-28 \u03bcm de di\u00e1metro. Los telios son de color m\u00e1s oscuro que los uredios y las teliosporas unicelulares tienen la pared marr\u00f3n, el pedicelo hialino y la forma variable; miden 18-30 x 18-24 \u03bcm.<\/p>\n<h5>Hu\u00e9spedes<\/h5>\n<p>Garbanzo.<\/p>\n<h5>Sintomatolog\u00eda<\/h5>\n<p>Se presenta cuando existe ambiente favorable y puede causar p\u00e9rdidas considerables. Las p\u00fastulas en tallos y hojas son de tama\u00f1o variable y pueden llegar a cubrir los tallos en su totalidad. Las primeras p\u00fastulas se encuentran en las partes bajas de las plantas al iniciarse la floraci\u00f3n. Tanto en el haz como en el env\u00e9s de las hojas las p\u00fastulas son de color rojizo, posteriormente se cubren de un halo p\u00farpura que algunas veces cubre la hoja en su totalidad, dando a las plantas un aspecto rojizo, f\u00e1cilmente distinguible a cierta distancia.<\/p>\n<p>Cuando el ataque se presenta muy severo no hay producci\u00f3n de grano y si lo hay, es peque\u00f1o, arrugado y manchado.<\/p>\n<h5>Manejo preventivo<\/h5>\n<p>Para prevenir la enfermedad aj\u00fastese a la fecha de siembra y use las variedades sugeridas.<\/p>\n<h5>Taxonom\u00eda<\/h5>\n<p><strong>Reino:<\/strong> Fungi<br \/>\n<strong>Phyllum:<\/strong> Basidiomycota<br \/>\n<strong>Divisi\u00f3n:<\/strong> Eumycota<br \/>\n<strong>Clase:<\/strong> Urediniomycetes<br \/>\n<strong>Orden:<\/strong> Uredinales<br \/>\n<strong>Familia:<\/strong> Pucciniaceae<br \/>\n<strong>G\u00e9nero:<\/strong> Uromyces<br \/>\n<strong>Especie:<\/strong> U. ciceris-arietini<\/p>\n","protected":false},"excerpt":{"rendered":"<p>Descripci\u00f3n Roya autoica y macroc\u00edclica. Los uredios hipofilos y dispersos, son pulverulentos y de color canela. Sus esporas son unicelulares, globosas, de pared gruesa y color<span class=\"excerpt-hellip\"> [\u2026]<\/span><\/p>\n","protected":false},"author":4,"featured_media":1511,"comment_status":"open","ping_status":"open","sticky":false,"template":"","format":"image","meta":{"ngg_post_thumbnail":0,"jetpack_post_was_ever_published":false,"_jetpack_newsletter_access":"","_jetpack_newsletter_tier_id":0,"footnotes":""},"categories":[47,67],"tags":[],"acf":[],"jetpack_featured_media_url":"https:\/\/panorama-agro.com\/wp-content\/uploads\/2015\/03\/Garbanzo-Uromyces-ciceris-arietini-FIX.jpg","jetpack_sharing_enabled":true,"jetpack_shortlink":"https:\/\/wp.me\/p5Aau3-ol","_links":{"self":[{"href":"https:\/\/panorama-agro.com\/index.php?rest_route=\/wp\/v2\/posts\/1509"}],"collection":[{"href":"https:\/\/panorama-agro.com\/index.php?rest_route=\/wp\/v2\/posts"}],"about":[{"href":"https:\/\/panorama-agro.com\/index.php?rest_route=\/wp\/v2\/types\/post"}],"author":[{"embeddable":true,"href":"https:\/\/panorama-agro.com\/index.php?rest_route=\/wp\/v2\/users\/4"}],"replies":[{"embeddable":true,"href":"https:\/\/panorama-agro.com\/index.php?rest_route=%2Fwp%2Fv2%2Fcomments&post=1509"}],"version-history":[{"count":5,"href":"https:\/\/panorama-agro.com\/index.php?rest_route=\/wp\/v2\/posts\/1509\/revisions"}],"predecessor-version":[{"id":1575,"href":"https:\/\/panorama-agro.com\/index.php?rest_route=\/wp\/v2\/posts\/1509\/revisions\/1575"}],"wp:featuredmedia":[{"embeddable":true,"href":"https:\/\/panorama-agro.com\/index.php?rest_route=\/wp\/v2\/media\/1511"}],"wp:attachment":[{"href":"https:\/\/panorama-agro.com\/index.php?rest_route=%2Fwp%2Fv2%2Fmedia&parent=1509"}],"wp:term":[{"taxonomy":"category","embeddable":true,"href":"https:\/\/panorama-agro.com\/index.php?rest_route=%2Fwp%2Fv2%2Fcategories&post=1509"},{"taxonomy":"post_tag","embeddable":true,"href":"https:\/\/panorama-agro.com\/index.php?rest_route=%2Fwp%2Fv2%2Ftags&post=1509"}],"curies":[{"name":"wp","href":"https:\/\/api.w.org\/{rel}","templated":true}]}}