{"id":2254,"date":"2017-10-24T19:28:47","date_gmt":"2017-10-25T01:28:47","guid":{"rendered":"http:\/\/bancoinfo.panorama-agro.com\/?p=2254"},"modified":"2017-10-24T20:01:23","modified_gmt":"2017-10-25T02:01:23","slug":"secadera-de-plantulas","status":"publish","type":"post","link":"https:\/\/panorama-agro.com\/?p=2254","title":{"rendered":"Secadera de pl\u00e1ntulas"},"content":{"rendered":"<h4>Introducci\u00f3n<\/h4>\n<p>En 1947, se report\u00f3 en Estados Unidos el efecto de\u00a0<em>Rhizoctonia solani<\/em>\u00a0en soya, indic\u00e1ndose que el pat\u00f3geno posiblemente induc\u00eda da\u00f1os en tallos y ra\u00edces por acci\u00f3n de productos metab\u00f3licos excretados, haci\u00e9ndose el da\u00f1o evidente aun antes de que el hongo estuviera en contacto directo con el hospedero. Este fen\u00f3meno fue estudiado con detalle, detect\u00e1ndose el efecto sobre ra\u00edces secundarias y primarias de pl\u00e1ntulas de soya y comprob\u00e1ndose que la invasi\u00f3n del hospedero, ocurr\u00eda posteriormente al da\u00f1o causado por los metabolitos mencionados. Estudios similares con otros hospederos han determinado que el efecto es atribuible a procesos enzim\u00e1ticos, parcialmente excretados por el pat\u00f3geno y parcialmente inducidos en el tejido afectado del hospedero.<\/p>\n<p>La variabilidad de\u00a0<em>R. solani<\/em>\u00a0es muy abundante y ha sido estudiada en diversos pa\u00edses del mundo, pero casi toda la informaci\u00f3n recolectada, a\u00fan en hospederos que no pertenecen a las leguminosas, tiende a indicar que pueden presentarse da\u00f1os considerables si la temperatura y la humedad son altos y el cultivo por ser atacado, se encuentra en su per\u00edodo inicial de crecimiento.<\/p>\n<p>Epifitias de importancia en soya han sido reportadas en Estados Unidos, cuando per\u00edodos de alto temperatura (promedio de 26\u00b0C) se alternan con d\u00edas de lluvias abundantes, especialmente cuando estas condiciones coinciden con plantaciones j\u00f3venes. En condiciones como \u00e9stas, ocurre transmisi\u00f3n por semilla y desarrollo de infecci\u00f3n en las partes a\u00e9reas de las plantas, detect\u00e1ndose p\u00e9rdidas hasta de 48% en la producci\u00f3n.<\/p>\n<h4>S\u00edntomas<\/h4>\n<p>El s\u00edntoma t\u00edpico son \u00falceras casta\u00f1o rojizas en el cuello de la planta. En ocasiones pueden observarse filamentos caf\u00e9s en el interior y por fuera del tallo. La pudrici\u00f3n basal avanza hacia la ra\u00edces y hacia la parte superior de la planta. Los tallos tienden a romperse f\u00e1cilmente. En pl\u00e1ntulas causa <em>damping off<\/em> de pre y post-emergencia con decoloraci\u00f3n pardo-rojiza de los hipoc\u00f3tilos. Los da\u00f1os son mayores en post-emergencia. En plantas adultas se observa marchitamiento y muerte en grandes manchas de los cultivos.\u00a0Su presencia predomina desde emergencia hasta V2 y luego en planta adulta despu\u00e9s de floraci\u00f3n. Los primeros s\u00edntomas son lesiones corticales color casta\u00f1o rojizo sobre el hipoc\u00f3tilo (\u00falceras), ra\u00edz principal y ra\u00edces secundarias. En la zona basal se pueden observar hifas gruesas caf\u00e9 claro y peque\u00f1os esclerocios amorfos color marr\u00f3n adheridos a las part\u00edculas de suelo. En plantas adultas causa marchitamiento en manchas del terreno y las condiciones ambientales favorables son suelos con humedad fluctuante y temperatura c\u00e1lida y en general, su ataque se encuentra asociado a otros pat\u00f3genos, como <em>Fusarium<\/em> spp. y <em>M. phaseolina<\/em>, entre otros. La identificaci\u00f3n correcta de la especie o especies del hongo no es del todo clara.<\/p>\n<p>Durante los primeros 30 d\u00edas de edad del cultivo es com\u00fan observar en el campo, \u00e1reas escasas de plantas que rara vez sobrepasan un 5 a 8 % de la poblaci\u00f3n. El hongo produce lesiones en el tallo y la ra\u00edz, que se cubre de vellosidades de aspecto algodonoso, las cuales a medida que envejecen, producen peque\u00f1as estructuras redondas de color caf\u00e9 pajizo; mientras que rodean el tallo a nivel del suelo y terminan por estrangularlo.<\/p>\n<h4>Condiciones ambientales id\u00f3neas para el establecimiento de la enfermedad<\/h4>\n<p><strong>Epidemiolog\u00eda:<\/strong>\u00a0Tiempo c\u00e1lido y seco en etapas tempranas del ciclo. La infecci\u00f3n es favorecida por tiempo h\u00famedo y fresco seguido por per\u00edodos c\u00e1lidos y secos que estresan las plantas.\u00a0<em>R. solani<\/em> es un hongo habitante del suelo, pol\u00edfago, como la mayor\u00eda de los pat\u00f3genos habitantes del suelo y sobrevive a trav\u00e9s de estructuras de resistencia (esclerocios). Puede infectar entre otros soya, frijol, ch\u00edcharo, lenteja, alfalfa, trigo, ma\u00edz y cebada.<\/p>\n<p>Existen cepas multinucleadas y binucleadas con distintos teleomorfos y de acuerdo a la fusi\u00f3n de las hifas, los aislamientos se clasifican en \u201cgrupos de anastomosis o de fusi\u00f3n\u201d, conocidos como AG (anastomosis group), que en algunos casos luego se diferencian en subgrupos. Los grupos tambi\u00e9n pueden ser identificados por m\u00e9todos moleculares como RFLP del ADN ribosomal, rsARN, mediante an\u00e1lisis filogen\u00e9ticos.<\/p>\n<h4>Manejo de la enfermedad<\/h4>\n<p>Es un hongo habitante normal del suelo, pol\u00edfago, por lo tanto de muy dif\u00edcil control. En el suelo se encuentra como micelio activo o como esclerocios. El manejo de la enfermedad se basa en implementar un esquema de rotaciones que favorezca el desarrollo de la flora antagonista del suelo.<\/p>\n<p>La enfermedad es menos severa cuando el cultivo se establece en suelos con buen drenaje y la semilla se trata con fungicidas adecuados como THIRAM\u00ae, CAPTAN\u00ae o PCNB\u00ae antes de la siembra.<\/p>\n<p>Use la dosis se\u00f1alada en la etiqueta de los productos. Despu\u00e9s de lluvias fuertes o riegos muy pesados, efect\u00fae cultivos tan pronto como sea posible.<\/p>\n<h4>Taxonom\u00eda<\/h4>\n<h5><em>Rhizoctonia solani:<\/em><\/h5>\n<p><strong>Reino:<\/strong> Fungi<br \/>\n<strong>Phylum:<\/strong>\u00a0basidiomycota<br \/>\n<strong>Clase:<\/strong> Hyphomycetes<br \/>\n<strong>Subclase:<\/strong>\u00a0Incertae sedis<br \/>\n<strong>Orden:<\/strong>\u00a0Agonomicetales<br \/>\n<strong>Familia:<\/strong>\u00a0Agonomicetaceae<br \/>\n<strong>G\u00e9nero:<\/strong> Rhizoctonia<br \/>\n<strong>Especie:<\/strong>\u00a0<em>R. solani<\/em><\/p>\n<h5><em>Sclerotium rolfsii:<\/em><\/h5>\n<p><strong>Reino:<\/strong> Fungi<br \/>\n<strong>Phylum:<\/strong> Basidiomycota<br \/>\n<strong>Subphylum:<\/strong> Agaricomycotina<br \/>\n<strong>Clase:<\/strong> Agaricomycetes<br \/>\n<strong>Orden:<\/strong> Atheliales<br \/>\n<strong>Familia:<\/strong> Atheliaceae<br \/>\n<strong>G\u00e9nero:<\/strong> Athelia<br \/>\n<strong>Especie:<\/strong>\u00a0<em>Sclerotium\u00a0rolfsii<\/em><\/p>\n","protected":false},"excerpt":{"rendered":"<p>Introducci\u00f3n En 1947, se report\u00f3 en Estados Unidos el efecto de\u00a0Rhizoctonia solani\u00a0en soya, indic\u00e1ndose que el pat\u00f3geno posiblemente induc\u00eda da\u00f1os en tallos y ra\u00edces por acci\u00f3n<span class=\"excerpt-hellip\"> [\u2026]<\/span><\/p>\n","protected":false},"author":4,"featured_media":2255,"comment_status":"open","ping_status":"open","sticky":false,"template":"","format":"standard","meta":{"ngg_post_thumbnail":0,"jetpack_post_was_ever_published":false,"_jetpack_newsletter_access":"","_jetpack_newsletter_tier_id":0,"footnotes":""},"categories":[47,72],"tags":[],"acf":[],"jetpack_featured_media_url":"https:\/\/panorama-agro.com\/wp-content\/uploads\/2017\/10\/Rhizoctonia-damping-off-blight-and-rot-Rhizoctonia-solani-Mary-Ann-Hansen-Virginia-Polytechnic-Institute-and-State-University-Bugwood.org_.jpg","jetpack_sharing_enabled":true,"jetpack_shortlink":"https:\/\/wp.me\/p5Aau3-Am","_links":{"self":[{"href":"https:\/\/panorama-agro.com\/index.php?rest_route=\/wp\/v2\/posts\/2254"}],"collection":[{"href":"https:\/\/panorama-agro.com\/index.php?rest_route=\/wp\/v2\/posts"}],"about":[{"href":"https:\/\/panorama-agro.com\/index.php?rest_route=\/wp\/v2\/types\/post"}],"author":[{"embeddable":true,"href":"https:\/\/panorama-agro.com\/index.php?rest_route=\/wp\/v2\/users\/4"}],"replies":[{"embeddable":true,"href":"https:\/\/panorama-agro.com\/index.php?rest_route=%2Fwp%2Fv2%2Fcomments&post=2254"}],"version-history":[{"count":4,"href":"https:\/\/panorama-agro.com\/index.php?rest_route=\/wp\/v2\/posts\/2254\/revisions"}],"predecessor-version":[{"id":2267,"href":"https:\/\/panorama-agro.com\/index.php?rest_route=\/wp\/v2\/posts\/2254\/revisions\/2267"}],"wp:featuredmedia":[{"embeddable":true,"href":"https:\/\/panorama-agro.com\/index.php?rest_route=\/wp\/v2\/media\/2255"}],"wp:attachment":[{"href":"https:\/\/panorama-agro.com\/index.php?rest_route=%2Fwp%2Fv2%2Fmedia&parent=2254"}],"wp:term":[{"taxonomy":"category","embeddable":true,"href":"https:\/\/panorama-agro.com\/index.php?rest_route=%2Fwp%2Fv2%2Fcategories&post=2254"},{"taxonomy":"post_tag","embeddable":true,"href":"https:\/\/panorama-agro.com\/index.php?rest_route=%2Fwp%2Fv2%2Ftags&post=2254"}],"curies":[{"name":"wp","href":"https:\/\/api.w.org\/{rel}","templated":true}]}}