{"id":2271,"date":"2017-10-30T10:56:49","date_gmt":"2017-10-30T17:56:49","guid":{"rendered":"http:\/\/bancoinfo.panorama-agro.com\/?p=2271"},"modified":"2017-11-02T14:04:13","modified_gmt":"2017-11-02T21:04:13","slug":"mildiu-en-soya","status":"publish","type":"post","link":"https:\/\/panorama-agro.com\/?p=2271","title":{"rendered":"Mildi\u00fa en soya"},"content":{"rendered":"<h4>S\u00edntomas y signos<\/h4>\n<p>Se caracteriza por producir peque\u00f1as manchas de forma irregular color verde p\u00e1lido o amarillo claro por el haz, que posteriormente se vuelven caf\u00e9 obscuro, rodeadas de un margen amarillento por el env\u00e9s, principalmente en ambiente h\u00famedo. En correspondencia con estas manchas, en el env\u00e9s de las hojas se observa una \u201cvellosidad\u201d blanco-gris\u00e1cea que corresponde a las fructificaciones del hongo. Cuando la enfermedad avanza, el centro de la mancha se necrosa permaneciendo el halo clor\u00f3tico. Los s\u00edntomas son m\u00e1s evidentes en hojas j\u00f3venes (m\u00e1s susceptibles). El pat\u00f3geno tambi\u00e9n puede infectar vainas y pasar a la semilla, formando una costra blanquecina sobre los tegumentos, distinguible a simple vista.<\/p>\n<p>La enfermedad tambi\u00e9n puede atacar las vainas y afectar la semilla, la que superficialmente presenta masas de micelio y oosporas de color blanco; la semilla da\u00f1ada puede ser m\u00e1s peque\u00f1a y de menor peso que la sana.<\/p>\n<h4>Condiciones predisponentes para el establecimiento de la enfermedad<\/h4>\n<p>Temperaturas entre 20 y 22\u00baC, lluvias abundantes, per\u00edodos prolongados con elevada humedad relativa, roc\u00edo (agua libre o humedad muy elevadas).<\/p>\n<h4>Manejo<\/h4>\n<p>Al tratarse de un pat\u00f3geno biotr\u00f3fico (que se alimenta de plantas vivas) la resistencia gen\u00e9tica constituye una estrategia preferencial, pero en las \u00faltimas temporadas se observ\u00f3 que la mayor\u00eda de los genotipos fueron susceptibles. A pesar de tratarse de un hongo biotr\u00f3fico, la presencia de rastrojo proveniente de un cultivo infectado determina una mayor concentraci\u00f3n de oosporas. Adem\u00e1s se transmite por semillas, y por lo tanto su manejo es semejante al de las enfermedades causadas por necr\u00f3trofos: rotaciones, siembra de semilla sana, tratamiento de semillas con fungicidas espec\u00edficos para oomycetes y siembras tempranas.<\/p>\n<h4>Taxonom\u00eda<\/h4>\n<p><strong>Superphylum:<\/strong>\u00a0Heterokonta<br \/>\n<strong>Clase:<\/strong> Oomycetes<br \/>\n<strong>Orden:<\/strong> Peronosporales<br \/>\n<strong>Familia:<\/strong>\u00a0Peronosporaceae<br \/>\n<strong>G\u00e9nero:<\/strong>\u00a0<em>Peronospora<\/em><br \/>\n<strong>Especie:<\/strong> <em>P.\u00a0manshurica<\/em><\/p>\n<h4>Fuente<\/h4>\n<ul>\n<li>Herbario Virtual. C\u00e1tedra de Fitopatolog\u00eda. Facultad de Agronom\u00eda de la Universidad de Buenos Aires.\u00a0<a title=\"http:\/\/herbariofitopatologia.agro.uba.ar\" href=\"http:\/\/www.agro.uba.ar\/catedras\/fitopatologia\/herbario\">http:\/\/herbariofitopatologia.agro.uba.ar<\/a><\/li>\n<\/ul>\n","protected":false},"excerpt":{"rendered":"<p>S\u00edntomas y signos Se caracteriza por producir peque\u00f1as manchas de forma irregular color verde p\u00e1lido o amarillo claro por el haz, que posteriormente se vuelven caf\u00e9<span class=\"excerpt-hellip\"> [\u2026]<\/span><\/p>\n","protected":false},"author":4,"featured_media":2275,"comment_status":"open","ping_status":"open","sticky":false,"template":"","format":"standard","meta":{"ngg_post_thumbnail":0,"jetpack_post_was_ever_published":false,"_jetpack_newsletter_access":"","_jetpack_newsletter_tier_id":0,"footnotes":""},"categories":[47,72],"tags":[],"acf":[],"jetpack_featured_media_url":"https:\/\/panorama-agro.com\/wp-content\/uploads\/2017\/10\/Brown-spots-caused-by-infection-of-Peronospora-manshurica-Paul-Bachi-University-of-Kentucky-Research-and-Education-Center-Bugwood.org_.jpg","jetpack_sharing_enabled":true,"jetpack_shortlink":"https:\/\/wp.me\/p5Aau3-AD","_links":{"self":[{"href":"https:\/\/panorama-agro.com\/index.php?rest_route=\/wp\/v2\/posts\/2271"}],"collection":[{"href":"https:\/\/panorama-agro.com\/index.php?rest_route=\/wp\/v2\/posts"}],"about":[{"href":"https:\/\/panorama-agro.com\/index.php?rest_route=\/wp\/v2\/types\/post"}],"author":[{"embeddable":true,"href":"https:\/\/panorama-agro.com\/index.php?rest_route=\/wp\/v2\/users\/4"}],"replies":[{"embeddable":true,"href":"https:\/\/panorama-agro.com\/index.php?rest_route=%2Fwp%2Fv2%2Fcomments&post=2271"}],"version-history":[{"count":3,"href":"https:\/\/panorama-agro.com\/index.php?rest_route=\/wp\/v2\/posts\/2271\/revisions"}],"predecessor-version":[{"id":2286,"href":"https:\/\/panorama-agro.com\/index.php?rest_route=\/wp\/v2\/posts\/2271\/revisions\/2286"}],"wp:featuredmedia":[{"embeddable":true,"href":"https:\/\/panorama-agro.com\/index.php?rest_route=\/wp\/v2\/media\/2275"}],"wp:attachment":[{"href":"https:\/\/panorama-agro.com\/index.php?rest_route=%2Fwp%2Fv2%2Fmedia&parent=2271"}],"wp:term":[{"taxonomy":"category","embeddable":true,"href":"https:\/\/panorama-agro.com\/index.php?rest_route=%2Fwp%2Fv2%2Fcategories&post=2271"},{"taxonomy":"post_tag","embeddable":true,"href":"https:\/\/panorama-agro.com\/index.php?rest_route=%2Fwp%2Fv2%2Ftags&post=2271"}],"curies":[{"name":"wp","href":"https:\/\/api.w.org\/{rel}","templated":true}]}}