{"id":2287,"date":"2017-11-03T10:29:19","date_gmt":"2017-11-03T17:29:19","guid":{"rendered":"http:\/\/bancoinfo.panorama-agro.com\/?p=2287"},"modified":"2017-11-03T11:12:10","modified_gmt":"2017-11-03T18:12:10","slug":"pudricion-carbonosa-en-soya","status":"publish","type":"post","link":"https:\/\/panorama-agro.com\/?p=2287","title":{"rendered":"Pudrici\u00f3n carbonosa en Soya"},"content":{"rendered":"<p>&nbsp;<\/p>\n<h4>Nombre vulgar<\/h4>\n<p>Podredumbre carbonosa del tallo<\/p>\n<h4>Tipo de plaga<\/h4>\n<p>Hongos y\/\u00f3 Pseudofungis<\/p>\n<h4>Descripci\u00f3n biol\u00f3gica<\/h4>\n<p>Este hongo forma microesclerocios peque\u00f1os, globosos, de color negro. Estos cuerpos son muy numerosos, otorg\u00e1ndole a los tejidos un color negro-gris\u00e1ceo. Los esclerocios constituyen el principal medio de supervivencia del hongo.<\/p>\n<p>Se caracteriza por ser habitante del suelo y sobrevive en los residuos de cosecha en forma de micelio y microesclerocios; \u00e9stos pueden permanecer hasta cinco a\u00f1os en el suelo, sin perder su poder germinativo.<\/p>\n<div id=\"attachment_2290\" style=\"width: 595px\" class=\"wp-caption aligncenter\"><img aria-describedby=\"caption-attachment-2290\" decoding=\"async\" loading=\"lazy\" class=\"wp-image-2290 size-full\" src=\"http:\/\/bancoinfo.panorama-agro.com\/wp-content\/uploads\/2017\/11\/38955_470.png\" alt=\"\" width=\"585\" height=\"425\" srcset=\"https:\/\/panorama-agro.com\/wp-content\/uploads\/2017\/11\/38955_470.png 585w, https:\/\/panorama-agro.com\/wp-content\/uploads\/2017\/11\/38955_470-201x146.png 201w, https:\/\/panorama-agro.com\/wp-content\/uploads\/2017\/11\/38955_470-50x36.png 50w, https:\/\/panorama-agro.com\/wp-content\/uploads\/2017\/11\/38955_470-103x75.png 103w\" sizes=\"(max-width:767px) 585px, 585px\" \/><p id=\"caption-attachment-2290\" class=\"wp-caption-text\">Ciclo patol\u00f3gico de <em>Macrophomina phaseolina<\/em>.<\/p><\/div>\n<h4>Signos y s\u00edntomas \/ Da\u00f1os<\/h4>\n<p>Los principales s\u00edntomas son pudrici\u00f3n de ra\u00edz y secamiento total de la planta. En los tallos al inicio se observan manchas rojizas, que cubren gran parte de \u00e9ste. Puede haber defoliaci\u00f3n prematura y poca turgencia de vainas. Al secarse la planta adquiere un color pajizo y las manchas se tornan de color negro debido a la formaci\u00f3n de gran cantidad de microesclerocios.<\/p>\n<p>Se pueden observar s\u00edntomas de la enfermedad en todas las etapas del cultivo. La semilla infectada puede mostrar manchas negras de tama\u00f1o diverso en las rajaduras o sobre el tegumento. Las semillas infectadas usualmente originan pl\u00e1ntulas d\u00e9biles que mueren a los pocos d\u00edas. Las pl\u00e1ntulas infectadas suelen mostrar una decoloraci\u00f3n marr\u00f3n rojiza en la porci\u00f3n emergente del hipoc\u00f3tile. El \u00e1rea decolorada se torna marr\u00f3n oscura o negra y las pl\u00e1ntulas afectadas pueden morir bajo condiciones ambientales c\u00e1lidas y secas.<\/p>\n<p>Infecciones posteriores al estado de pl\u00e1ntula suelen provocar s\u00edntomas no visibles hasta mediados del ciclo del cultivo. Las plantas inicialmente muestran s\u00edntomas no espec\u00edficos, tales como menor tama\u00f1o de hojas, menor altura y otros relacionados a p\u00e9rdida de vigor.<\/p>\n<p>A partir de floraci\u00f3n aparecen los s\u00edntomas m\u00e1s caracter\u00edsticos de la enfermedad. En los tejidos epid\u00e9rmicos y subepid\u00e9rmicos\u00a0 de las ra\u00edces y parte inferior del tallo se aprecia una coloraci\u00f3n\u00a0 gris\u00e1cea, provocada por la presencia de numerosos microesclerocios oscuros.<\/p>\n<p>Estos peque\u00f1os esclerocios no aparecen en cantidad hasta que las plantas comienzan a morirse, sugiriendo que su presencia implica la muerte de las c\u00e9lulas de los tejidos invadidos.<\/p>\n<h4>Condiciones predisponentes<\/h4>\n<p>La infecci\u00f3n es favorecida por condiciones que producen estr\u00e9s de las plantas, en general por temperaturas altas (28 a 35 \u00baC) y baja humedad ed\u00e1fica o sequ\u00eda, especialmente durante los per\u00edodos reproductivos de las mismas.<\/p>\n<p>Alta relaci\u00f3n carbono-nitr\u00f3geno favorece la acci\u00f3n del agente causal de esta enfermedad. Esta situaci\u00f3n se ve favorecida en los cultivos de soya de segunda procedidos por trigo, avena o cebada, que aportan abundante rastrojo a esos lotes.<\/p>\n<h4>Manejo de la enfermedad<\/h4>\n<p>Actualmente no existen fungicidas sist\u00e9micos que se movilicen hacia la ra\u00edz, para interactuar con los pat\u00f3genos que all\u00ed establecen su infecci\u00f3n, lo que limita su manejo. No existen tampoco niveles adecuados de resistencia gen\u00e9tica para un control efectivo de la podredumbre carbonosa del tallo. Por lo tanto, se recomiendan una serie de pr\u00e1cticas culturales para minimizar los da\u00f1os que causa.<\/p>\n<h5>Semilla<\/h5>\n<p>Es muy recomendado el uso de semilla certificada, libre del in\u00f3culo de la enfermedad.<\/p>\n<h5>Rotaci\u00f3n de cultivos<\/h5>\n<p>La enfermedad alcanza mayor severidad en lotes en los que se siembra soya a\u00f1o tras a\u00f1o. Por lo tanto, se recomienda realizar una rotaci\u00f3n de cultivos para reducir el in\u00f3culo primario del pat\u00f3geno.<\/p>\n<p>En la elecci\u00f3n de los cultivos a tener en cuenta para la rotaci\u00f3n, se debe considerar especialmente que, a diferencia de la mayor\u00eda de los pat\u00f3genos vegetales que suele estar limitado a un solo hospedante,\u00a0<em>M.\u00a0phaseolina\u00a0<\/em>es un pat\u00f3geno pol\u00edfago.<\/p>\n<p>As\u00ed, puede afectar tanto a soya como a ma\u00edz, cultivos que se suelen incluir en la rotaci\u00f3n de cultivos. En ma\u00edz produce una podredumbre del tallo, aunque se trata de un hospedante menos susceptible que la soya. Por lo tanto, la rotaci\u00f3n deber\u00eda ser con cultivos no hospedantes, aunque podr\u00eda tambi\u00e9n incluir a aquellos que son hospedantes menos eficientes que la soya.<\/p>\n<p>En suelos altamente infestados, pueden llegar a ser necesarios hasta 3 a 4 a\u00f1os sin soya para poder reducir los niveles de in\u00f3culo. Para esto se recomiendan rotaciones con cereales o algod\u00f3n por 1 a 2 a\u00f1os, o ma\u00edz o sorgo por no menos de 3 a\u00f1os. Una vez que se reduce la poblaci\u00f3n del pat\u00f3geno a un nivel aceptable, por ejemplo 15\u00a0microesclerocios\u00a0por gramo de suelo, es factible mantener niveles tolerables de infestaci\u00f3n con rotaciones de un a\u00f1o con cualquiera de estos cultivos.<\/p>\n<h5>Fertilidad del suelo<\/h5>\n<p>Ser\u00e1 importante asegurarse que los cultivos tengan adecuados niveles de f\u00f3sforo y potasio disponibles, para as\u00ed favorecer un crecimiento vigoroso y evitar estr\u00e9s en las plantas. Aplicaciones de fertilizantes no controlan la enfermedad pero s\u00ed disminuyen la severidad de las p\u00e9rdidas.<\/p>\n<h5>Fecha de siembra<\/h5>\n<p>En siembras tempranas se produce un r\u00e1pido crecimiento y cierre del follaje, lo que a su vez reduce las temperaturas del suelo. De este modo se evitan las condiciones ambientales que favorecen al pat\u00f3geno.<\/p>\n<h5>Densidad de siembra<\/h5>\n<p>Se recomienda evitar altas densidades de siembra. Un n\u00famero excesivo de plantas aumenta el estr\u00e9s del cultivo por la competencia entre plantas, y por lo tanto lo predispone a la enfermedad.<\/p>\n<h5>Labranza<\/h5>\n<p>La labranza cero o siembra directa resulta de importancia en el manejo de esta enfermedad. Esta pr\u00e1ctica, en relaci\u00f3n con la labranza convencional, tiende a incrementar los niveles de humedad ed\u00e1fica y a disminuir la temperatura del suelo.<\/p>\n<h5>Riego<\/h5>\n<p>En aquellos campos que dispongan de las instalaciones necesarias, se recomiendan riegos tanto un mes previo a la siembra, para disminuir los niveles de in\u00f3culo, como durante el ciclo de cultivo, para evitar estr\u00e9s h\u00eddrico.<\/p>\n<p>&nbsp;<\/p>\n<h4>Cultivos y \u00f3rganos afectados<\/h4>\n<p><strong>Chile:<\/strong> Hojas, Pl\u00e1ntulas, Ra\u00edces, Semilla bot\u00e1nica, Tallo<br \/>\n<strong>C\u00e1rtamo:<\/strong> Tallo<br \/>\n<strong>Calabaza:<\/strong> Frutos<br \/>\n<strong>Fresa:<\/strong> Corona, Ra\u00edces<br \/>\n<strong>Soya:<\/strong> Ra\u00edces, Semilla bot\u00e1nica, Tallo<br \/>\n<strong>Algod\u00f3n:<\/strong> Ra\u00edces, Tallo<br \/>\n<strong>Girasol:<\/strong> Frutos, Ra\u00edces, Tallo<br \/>\n<strong>Linaza:<\/strong> Pl\u00e1ntulas<br \/>\n<strong>Olivo:<\/strong> Tallo<br \/>\n<strong>Frijol:<\/strong> Hojas, Ra\u00edces, Semilla bot\u00e1nica<br \/>\n<strong>Ch\u00eda:<\/strong> Tallo<br \/>\n<strong>Ajonjol\u00ed:<\/strong> Hojas, Ra\u00edces, Tallo<br \/>\n<strong>Berenjena:<\/strong> Corona, Ra\u00edces<br \/>\n<strong>Sorgo:<\/strong> Ra\u00edces, Semilla bot\u00e1nica<br \/>\n<strong>Ar\u00e1ndano:<\/strong> Ramas, Ra\u00edces, Tallo, Tronco<br \/>\n<strong>Ma\u00edz:<\/strong> Planta entera, Semilla bot\u00e1nica<\/p>\n<h4>Taxonom\u00eda<\/h4>\n<p><strong>Reino:<\/strong>\u00a0Fungi<br \/>\n<strong>Divisi\u00f3n:<\/strong>\u00a0Ascomycota<br \/>\n<strong>Clase:<\/strong>\u00a0Dothideomycetes<br \/>\n<strong>Orden:<\/strong> Botryosphaeriales<br \/>\n<strong>Familia:<\/strong>\u00a0Botryosphaeriaceae<br \/>\n<strong>G\u00e9nero:<\/strong>\u00a0Macrophomina<br \/>\n<strong>Especie:<\/strong> <em>M.\u00a0phaseolina<\/em><\/p>\n<h4>Fuentes<\/h4>\n<p><a href=\"http:\/\/www.sinavimo.gov.ar\/plaga\/macrophomina-phaseolina\" target=\"_blank\" rel=\"noopener\">http:\/\/www.sinavimo.gov.ar\/plaga\/macrophomina-phaseolina<\/a><\/p>\n<p><a href=\"http:\/\/www.agroparlamento.com.ar\/agroparlamento\/notas.asp?n=0644\" target=\"_blank\" rel=\"noopener\">http:\/\/www.agroparlamento.com.ar\/agroparlamento\/notas.asp?n=0644<\/a><\/p>\n<p>&nbsp;<\/p>\n","protected":false},"excerpt":{"rendered":"<p>&nbsp; Nombre vulgar Podredumbre carbonosa del tallo Tipo de plaga Hongos y\/\u00f3 Pseudofungis Descripci\u00f3n biol\u00f3gica Este hongo forma microesclerocios peque\u00f1os, globosos, de color negro. Estos cuerpos<span class=\"excerpt-hellip\"> [\u2026]<\/span><\/p>\n","protected":false},"author":4,"featured_media":2288,"comment_status":"open","ping_status":"open","sticky":false,"template":"","format":"image","meta":{"ngg_post_thumbnail":0,"jetpack_post_was_ever_published":false,"_jetpack_newsletter_access":"","_jetpack_newsletter_tier_id":0,"footnotes":""},"categories":[47,72],"tags":[],"acf":[],"jetpack_featured_media_url":"https:\/\/panorama-agro.com\/wp-content\/uploads\/2017\/11\/Charcoal-rot-Macrophomina-phaseolina-Martin-Draper-USDA-NIFA-Bugwood.org_.jpg","jetpack_sharing_enabled":true,"jetpack_shortlink":"https:\/\/wp.me\/p5Aau3-AT","_links":{"self":[{"href":"https:\/\/panorama-agro.com\/index.php?rest_route=\/wp\/v2\/posts\/2287"}],"collection":[{"href":"https:\/\/panorama-agro.com\/index.php?rest_route=\/wp\/v2\/posts"}],"about":[{"href":"https:\/\/panorama-agro.com\/index.php?rest_route=\/wp\/v2\/types\/post"}],"author":[{"embeddable":true,"href":"https:\/\/panorama-agro.com\/index.php?rest_route=\/wp\/v2\/users\/4"}],"replies":[{"embeddable":true,"href":"https:\/\/panorama-agro.com\/index.php?rest_route=%2Fwp%2Fv2%2Fcomments&post=2287"}],"version-history":[{"count":8,"href":"https:\/\/panorama-agro.com\/index.php?rest_route=\/wp\/v2\/posts\/2287\/revisions"}],"predecessor-version":[{"id":2309,"href":"https:\/\/panorama-agro.com\/index.php?rest_route=\/wp\/v2\/posts\/2287\/revisions\/2309"}],"wp:featuredmedia":[{"embeddable":true,"href":"https:\/\/panorama-agro.com\/index.php?rest_route=\/wp\/v2\/media\/2288"}],"wp:attachment":[{"href":"https:\/\/panorama-agro.com\/index.php?rest_route=%2Fwp%2Fv2%2Fmedia&parent=2287"}],"wp:term":[{"taxonomy":"category","embeddable":true,"href":"https:\/\/panorama-agro.com\/index.php?rest_route=%2Fwp%2Fv2%2Fcategories&post=2287"},{"taxonomy":"post_tag","embeddable":true,"href":"https:\/\/panorama-agro.com\/index.php?rest_route=%2Fwp%2Fv2%2Ftags&post=2287"}],"curies":[{"name":"wp","href":"https:\/\/api.w.org\/{rel}","templated":true}]}}