{"id":2430,"date":"2017-11-06T18:38:20","date_gmt":"2017-11-07T01:38:20","guid":{"rendered":"http:\/\/bancoinfo.panorama-agro.com\/?p=2430"},"modified":"2017-11-06T18:43:35","modified_gmt":"2017-11-07T01:43:35","slug":"moho-de-la-hoja-en-tomate","status":"publish","type":"post","link":"https:\/\/panorama-agro.com\/?p=2430","title":{"rendered":"Moho de la hoja en tomate"},"content":{"rendered":"<p>Estas enfermedades son m\u00e1s comunes y causan mayores da\u00f1os en\u00a0invernaderos. En el haz de las hojas se observan peque\u00f1as manchas\u00a0p\u00e1lidas o ligeramente amarillas, las cuales al crecer se tornan color caf\u00e9\u00a0en el centro, por el env\u00e9s el hongo desarrolla esporulaci\u00f3n color gris o\u00a0caf\u00e9 oscuro a manera de terciopelo. Se presenta en tallos, ped\u00fanculos y\u00a0botones florales. Este hongo se dispersa por el viento y en la ropa de los\u00a0trabajadores del invernadero; requiere humedad relativa superior al 80%\u00a0y temperatura de entre 18\u00b0C y 27\u00b0C. Las plantas en floraci\u00f3n son m\u00e1s\u00a0susceptibles. En invernaderos es com\u00fan encontrarlo colonizando tejido\u00a0necrosado principalmente de hojas y compartiendo lesiones junto con\u00a0tiz\u00f3n tard\u00edo (tiempo fr\u00edo).<\/p>\n<h4>Estrategias de manejo<\/h4>\n<p>Usar variedades tolerantes al pat\u00f3geno. Saneo\u00a0de los primeros brotes y desinfecci\u00f3n de la lesi\u00f3n con una soluci\u00f3n de\u00a0sulfato de cobre pentahidratado (l\u00edquido) 2 ml\/L de agua m\u00e1s clortalonil\u00a05 ml\/L. Evitar dejar hojas y brotes deshidratados o secos adheridos a las\u00a0plantas ya que son los primeros que coloniza el hongo. Control\u00a0adecuado de la humedad del invernadero, monitoreo directo de la\u00a0enfermedad, limpiar herramientas de trabajo y ropa de los trabajadores\u00a0antes de ingresar al invernadero. Se pueden realizar aplicaciones preventivas con cobres, mancozeb, clorotalonil, azufres y bicarbonato\u00a0de potasio, considerando que est\u00e9n autorizados y revisando los d\u00edas a\u00a0cosecha. Su manejo es factible al realizar el control de otras\u00a0enfermedades.<\/p>\n<h4>Taxonom\u00eda<\/h4>\n<p><strong>Reino:<\/strong>\u00a0Fungi<br \/>\n<strong>Phylum:<\/strong>\u00a0Ascomycota<br \/>\n<strong>Clase:<\/strong>\u00a0Dothideomycetes<br \/>\n<strong>Subclase:<\/strong>\u00a0Dothideomycetidae<br \/>\n<strong>Orden:<\/strong>\u00a0Capnodiales<br \/>\n<strong>Familia:<\/strong>\u00a0Mycosphaerellaceae<br \/>\n<strong>G\u00e9nero:<\/strong>\u00a0Passalora<br \/>\n<strong>Especie:<\/strong>\u00a0<em>P.\u00a0fulva<\/em><\/p>\n<h4>Fuente<\/h4>\n<ul>\n<li>Manual de plagas y enfermedades del jitomate. Comit\u00e9 Estatal de Sanidad Vegetal Guanajuato. <a href=\"http:\/\/www.cesaveg.org.mx\/html\/folletos\/folletos_11\/folleto_jitomate_11.pdf\">http:\/\/www.cesaveg.org.mx\/html\/folletos\/folletos_11\/folleto_jitomate_11.pdf<\/a><\/li>\n<\/ul>\n","protected":false},"excerpt":{"rendered":"<p>Estas enfermedades son m\u00e1s comunes y causan mayores da\u00f1os en\u00a0invernaderos. En el haz de las hojas se observan peque\u00f1as manchas\u00a0p\u00e1lidas o ligeramente amarillas, las cuales al<span class=\"excerpt-hellip\"> [\u2026]<\/span><\/p>\n","protected":false},"author":4,"featured_media":2431,"comment_status":"open","ping_status":"open","sticky":false,"template":"","format":"image","meta":{"ngg_post_thumbnail":0,"jetpack_post_was_ever_published":false,"_jetpack_newsletter_access":"","_jetpack_newsletter_tier_id":0,"footnotes":""},"categories":[47,88],"tags":[],"acf":[],"jetpack_featured_media_url":"https:\/\/panorama-agro.com\/wp-content\/uploads\/2017\/11\/leaf-mold-Passalora-fulva-Edward-Sikora-Auburn-University-Bugwood.org_.jpg","jetpack_sharing_enabled":true,"jetpack_shortlink":"https:\/\/wp.me\/p5Aau3-Dc","_links":{"self":[{"href":"https:\/\/panorama-agro.com\/index.php?rest_route=\/wp\/v2\/posts\/2430"}],"collection":[{"href":"https:\/\/panorama-agro.com\/index.php?rest_route=\/wp\/v2\/posts"}],"about":[{"href":"https:\/\/panorama-agro.com\/index.php?rest_route=\/wp\/v2\/types\/post"}],"author":[{"embeddable":true,"href":"https:\/\/panorama-agro.com\/index.php?rest_route=\/wp\/v2\/users\/4"}],"replies":[{"embeddable":true,"href":"https:\/\/panorama-agro.com\/index.php?rest_route=%2Fwp%2Fv2%2Fcomments&post=2430"}],"version-history":[{"count":4,"href":"https:\/\/panorama-agro.com\/index.php?rest_route=\/wp\/v2\/posts\/2430\/revisions"}],"predecessor-version":[{"id":2436,"href":"https:\/\/panorama-agro.com\/index.php?rest_route=\/wp\/v2\/posts\/2430\/revisions\/2436"}],"wp:featuredmedia":[{"embeddable":true,"href":"https:\/\/panorama-agro.com\/index.php?rest_route=\/wp\/v2\/media\/2431"}],"wp:attachment":[{"href":"https:\/\/panorama-agro.com\/index.php?rest_route=%2Fwp%2Fv2%2Fmedia&parent=2430"}],"wp:term":[{"taxonomy":"category","embeddable":true,"href":"https:\/\/panorama-agro.com\/index.php?rest_route=%2Fwp%2Fv2%2Fcategories&post=2430"},{"taxonomy":"post_tag","embeddable":true,"href":"https:\/\/panorama-agro.com\/index.php?rest_route=%2Fwp%2Fv2%2Ftags&post=2430"}],"curies":[{"name":"wp","href":"https:\/\/api.w.org\/{rel}","templated":true}]}}