{"id":244,"date":"2015-02-04T00:34:25","date_gmt":"2015-02-04T07:34:25","guid":{"rendered":"http:\/\/bancoinfo.panorama-agro.com\/?p=244"},"modified":"2017-11-09T10:06:58","modified_gmt":"2017-11-09T17:06:58","slug":"chicharrita-informacion","status":"publish","type":"post","link":"https:\/\/panorama-agro.com\/?p=244","title":{"rendered":"Chicharrita &#8211; Informaci\u00f3n"},"content":{"rendered":"<h5>Morfolog\u00eda<\/h5>\n<p><strong>Ninfa:<\/strong> Tama\u00f1o menor a 3 mm, de aspecto similar al adulto pero carece de alas. Se localiza en el env\u00e9s de la hoja.<br \/>\n<strong>Adulto:<\/strong> Tama\u00f1o de 3 mm, cuerpo de color verde y alas ligeramente verdosas. Tiene capacidad para el salto.<br \/>\n<strong>Huevecillo:<\/strong> Tama\u00f1o menor a 1 mm, de color blanco y est\u00e1n en el interior de la hoja por lo que no son visibles a simple vista.<\/p>\n<h5>Ciclo fenol\u00f3gico<\/h5>\n<p>El ciclo total de vida de la chicharrita es de alrededor de 40 d\u00edas, pasando como huevecillo de 5 a 7 d\u00edas, y como ninfa de 10 a 12 d\u00edas.<\/p>\n<p>Inverna sobre plantas herb\u00e1ceas en estado adulto. En abril, con las brotaciones, se dirige al cultivo (caso de la vid), donde llegan a ser muy abundantes hasta septiembre. En vid se dan dos m\u00e1ximos poblacionales; el primero a principios de junio y un segundo en agosto. En c\u00edtricos comienza a afectar en Septiembre. Tras reproducirse, la hembra deposita los huevos en el interior de la hoja por el env\u00e9s y cerca del nervio central.<\/p>\n<h5>S\u00edntomas y da\u00f1os<\/h5>\n<p>Picaduras en las hojas para succionar la savia de la planta, amarilleando y sec\u00e1ndose los bordes. Ataques muy fuertes ocasionan una p\u00e9rdida de vigor en el crecimiento de la planta.<\/p>\n<p>En vid los bordes de las hojas se enrrollan, enrrojeciendo en caso de variedades tintas o amarilleando si son blancas. Finalmente se desecan. Adem\u00e1s afecta a la maduraci\u00f3n de los racimos, atras\u00e1ndola.<\/p>\n<p>En c\u00edtricos el s\u00edntoma principal se da en los frutos que quedan lesionados debido a las picaduras.<\/p>\n<p>En el algod\u00f3n, los ataques de mayor importancia se dan sobre las c\u00e1psulas. En hojas, el s\u00edntoma es el amarilleo del borde de la hoja, que con la llegada del oto\u00f1o pasa a ser rojizo.<\/p>\n<h5>Control qu\u00edmico<\/h5>\n<p><strong>En c\u00edtricos:<\/strong><\/p>\n<p>El momento m\u00e1s adecuado es en el mes de septiembre cuando los adultos pasan al cultivo.<\/p>\n<p>Utilizar dimetoato o pulverizar con cal.<\/p>\n<p><strong>En vid:<\/strong><\/p>\n<p>El mejor momento abarca desde mediados de mayo (cuando aparecen los primeros insectos en el cultivo) hasta mediados de junio, con el fin de actuar contra el primer m\u00e1ximo poblacional. Tambi\u00e9n a finales de agosto para actuar contra el segundo.<\/p>\n<p>Los tratamientos a base de clorpirifos entre otros que se llevan a cabo contra la 2\u00aa y 3\u00aa generaci\u00f3n de polilla controlan al mosquito verde.<\/p>\n<p>Es importante poner especial inter\u00e9s en mojar muy bien el env\u00e9s de las hojas.<\/p>\n<p>De realizar un tratamiento espec\u00edfico las materias autorizadas son las siguientes: azadiractin, clorpirifos y flufenoxuron.<\/p>\n<p>Contra este insecto, adem\u00e1s de la pulverizaci\u00f3n, se puede utilizar el espolvoreo, que crea una nube alrededor de la planta impidiendo que el mosquito huya volando.<\/p>\n<h5>Control biol\u00f3gico<\/h5>\n<p>Himen\u00f3pteros Parasitoides: Anagrus atomus y Stethynium triclavatum (ambos parasitan huevos).<\/p>\n<p>Depredadores: chinches m\u00edridos.<\/p>\n<h5>Taxonom\u00eda<\/h5>\n<div class=\"iContenidosNovedades\">\n<div class=\"iContenedorDestacadoIzq\">\n<div class=\"iNovedadesDestacado\"><strong>Reino:<\/strong> Animalia<\/div>\n<div class=\"iNovedadesDestacado\"><strong> Clase:<\/strong> Insecta<\/div>\n<div class=\"iNovedadesDestacado\"><strong> Orden:<\/strong> Homoptera<\/div>\n<div class=\"iNovedadesDestacado\"><strong> Familia:<\/strong> Cicadellidae<\/div>\n<div class=\"iNovedadesDestacado\"><strong> G\u00e9nero:<\/strong> Empoasca<\/div>\n<div class=\"iNovedadesDestacado\"><strong> Especie:<\/strong> fabae, entre otras<\/div>\n<\/div>\n<\/div>\n","protected":false},"excerpt":{"rendered":"<p>Morfolog\u00eda Ninfa: Tama\u00f1o menor a 3 mm, de aspecto similar al adulto pero carece de alas. Se localiza en el env\u00e9s de la hoja. Adulto: Tama\u00f1o<span class=\"excerpt-hellip\"> [\u2026]<\/span><\/p>\n","protected":false},"author":4,"featured_media":235,"comment_status":"open","ping_status":"open","sticky":false,"template":"","format":"image","meta":{"ngg_post_thumbnail":0,"jetpack_post_was_ever_published":false,"_jetpack_newsletter_access":"","_jetpack_newsletter_tier_id":0,"footnotes":""},"categories":[46,48,81],"tags":[],"acf":[],"jetpack_featured_media_url":"https:\/\/panorama-agro.com\/wp-content\/uploads\/2015\/02\/Empoasca-spp-Adulto.jpg","jetpack_sharing_enabled":true,"jetpack_shortlink":"https:\/\/wp.me\/p5Aau3-3W","_links":{"self":[{"href":"https:\/\/panorama-agro.com\/index.php?rest_route=\/wp\/v2\/posts\/244"}],"collection":[{"href":"https:\/\/panorama-agro.com\/index.php?rest_route=\/wp\/v2\/posts"}],"about":[{"href":"https:\/\/panorama-agro.com\/index.php?rest_route=\/wp\/v2\/types\/post"}],"author":[{"embeddable":true,"href":"https:\/\/panorama-agro.com\/index.php?rest_route=\/wp\/v2\/users\/4"}],"replies":[{"embeddable":true,"href":"https:\/\/panorama-agro.com\/index.php?rest_route=%2Fwp%2Fv2%2Fcomments&post=244"}],"version-history":[{"count":10,"href":"https:\/\/panorama-agro.com\/index.php?rest_route=\/wp\/v2\/posts\/244\/revisions"}],"predecessor-version":[{"id":598,"href":"https:\/\/panorama-agro.com\/index.php?rest_route=\/wp\/v2\/posts\/244\/revisions\/598"}],"wp:featuredmedia":[{"embeddable":true,"href":"https:\/\/panorama-agro.com\/index.php?rest_route=\/wp\/v2\/media\/235"}],"wp:attachment":[{"href":"https:\/\/panorama-agro.com\/index.php?rest_route=%2Fwp%2Fv2%2Fmedia&parent=244"}],"wp:term":[{"taxonomy":"category","embeddable":true,"href":"https:\/\/panorama-agro.com\/index.php?rest_route=%2Fwp%2Fv2%2Fcategories&post=244"},{"taxonomy":"post_tag","embeddable":true,"href":"https:\/\/panorama-agro.com\/index.php?rest_route=%2Fwp%2Fv2%2Ftags&post=244"}],"curies":[{"name":"wp","href":"https:\/\/api.w.org\/{rel}","templated":true}]}}