{"id":2465,"date":"2017-11-07T12:52:17","date_gmt":"2017-11-07T19:52:17","guid":{"rendered":"http:\/\/bancoinfo.panorama-agro.com\/?p=2465"},"modified":"2017-11-07T12:52:17","modified_gmt":"2017-11-07T19:52:17","slug":"cenicilla-en-tomatillo","status":"publish","type":"post","link":"https:\/\/panorama-agro.com\/?p=2465","title":{"rendered":"Cenicilla en tomatillo"},"content":{"rendered":"<h4>Importancia<\/h4>\n<p>La cenicilla, causada por el hongo <em>Oidium<\/em> sp., es una de las enfermedades m\u00e1s comunes en la etapa de fructificaci\u00f3n y corte del tomatillo. Su ataque disminuye el rendimiento y la calidad de la cosecha hasta 50%.<\/p>\n<h4>S\u00edntomas<\/h4>\n<p>Los s\u00edntomas de esta enfermedad se aprecian en hojas, tallos, pec\u00edolos y en la c\u00e1scara de los frutos; al inicio se presentan manchas peque\u00f1as de color verde p\u00e1lido, r\u00e1pidamente se desarrollan y muestran una capa polvorienta de color blanco harinoso, este es el s\u00edntoma caracter\u00edstico de la enfermedad. Las manchas polvorientas corresponden al par\u00e1sito que crece en\u00a0abundancia sobre la superficie del tejido infectado, al que llega a\u00a0cubrir por completo. Adem\u00e1s, las hojas se secan o se desprenden\u00a0prematuramente, mientras que los frutos son de menor tama\u00f1o y\u00a0de calidad inferior.<\/p>\n<h4>Condiciones favorables<\/h4>\n<p>El hongo se disemina por el aire y es m\u00e1s severo cuando ocurren\u00a0temperaturas de 20-30\u00b0 C y con una humedad relativa de\u00a0aproximadamente 80%; aunque una humedad de 60-70% es\u00a0suficiente para que se presenten da\u00f1os importantes.<\/p>\n<p>Este hongo posiblemente puede atacar y tambi\u00e9n sobrevivir en\u00a0especies de la familia de las cucurbit\u00e1ceas, como lo son calabaza,\u00a0pepino, sand\u00eda, mel\u00f3n y \u201cmel\u00f3n de coyote\u201d.<\/p>\n<h4>Manejo integrado<\/h4>\n<p>Para el manejo de la enfermedad se recomienda eliminar la maleza y residuos de las calabazas de verano; evitar en lo posible, la siembra de tomatillo en vecindad a plantaciones de cucurbit\u00e1ceas que est\u00e9n da\u00f1adas por cenicilla. Se debe de mantener la nutrici\u00f3n equilibrada, procurando sobre todo evitar el exceso de nitr\u00f3geno, para disminuir la susceptibilidad de las plantas al par\u00e1sito.<\/p>\n<p>Al detectar los primeros s\u00edntomas y cuando las condiciones ambientales sean favorables, se pueden aplicar fungicidas a base de azufre (Sultron 725\u00ae, 2.5-3.0 l\/ha); myclobutanil (Rally AZ\u00ae, 1.5-2.5 l\/ha), myclobutanil + Azufre (Rally 40 W\u00ae, 0.114-0.228 kg\/ha); folpet (Folpan 80 WP\u00ae, 2.5-3.0 kg\/ha), entre otros.<\/p>\n<h4>Taxonom\u00eda<\/h4>\n<p><strong>Reino:\u00a0<\/strong>Fungi<br \/>\n<strong>Division:\u00a0<\/strong>Ascomycota<br \/>\n<strong>Clase:<\/strong>\u00a0Ascomycetes<br \/>\n<strong>Orden:<\/strong>\u00a0Erysiphales<br \/>\n<strong>Family:<\/strong>\u00a0Erysiphaceae<br \/>\n<strong>G\u00e9nero:<\/strong>\u00a0Oidium<br \/>\n<strong>Especie:<\/strong> varias<\/p>\n<h4>Fuente<\/h4>\n<p>Enfermedades del Tomate de C\u00e1scara en Sinaloa. Folleto t\u00e9cnico #31. Agosto de 2008. Campo Experimental Valle del Fuerte. INIFAP<\/p>\n","protected":false},"excerpt":{"rendered":"<p>Importancia La cenicilla, causada por el hongo Oidium sp., es una de las enfermedades m\u00e1s comunes en la etapa de fructificaci\u00f3n y corte del tomatillo. Su<span class=\"excerpt-hellip\"> [\u2026]<\/span><\/p>\n","protected":false},"author":4,"featured_media":2466,"comment_status":"open","ping_status":"open","sticky":false,"template":"","format":"standard","meta":{"ngg_post_thumbnail":0,"jetpack_post_was_ever_published":false,"_jetpack_newsletter_access":"","_jetpack_newsletter_tier_id":0,"footnotes":""},"categories":[47,90],"tags":[],"acf":[],"jetpack_featured_media_url":"https:\/\/panorama-agro.com\/wp-content\/uploads\/2017\/11\/cenicilla-2.jpg","jetpack_sharing_enabled":true,"jetpack_shortlink":"https:\/\/wp.me\/p5Aau3-DL","_links":{"self":[{"href":"https:\/\/panorama-agro.com\/index.php?rest_route=\/wp\/v2\/posts\/2465"}],"collection":[{"href":"https:\/\/panorama-agro.com\/index.php?rest_route=\/wp\/v2\/posts"}],"about":[{"href":"https:\/\/panorama-agro.com\/index.php?rest_route=\/wp\/v2\/types\/post"}],"author":[{"embeddable":true,"href":"https:\/\/panorama-agro.com\/index.php?rest_route=\/wp\/v2\/users\/4"}],"replies":[{"embeddable":true,"href":"https:\/\/panorama-agro.com\/index.php?rest_route=%2Fwp%2Fv2%2Fcomments&post=2465"}],"version-history":[{"count":4,"href":"https:\/\/panorama-agro.com\/index.php?rest_route=\/wp\/v2\/posts\/2465\/revisions"}],"predecessor-version":[{"id":2471,"href":"https:\/\/panorama-agro.com\/index.php?rest_route=\/wp\/v2\/posts\/2465\/revisions\/2471"}],"wp:featuredmedia":[{"embeddable":true,"href":"https:\/\/panorama-agro.com\/index.php?rest_route=\/wp\/v2\/media\/2466"}],"wp:attachment":[{"href":"https:\/\/panorama-agro.com\/index.php?rest_route=%2Fwp%2Fv2%2Fmedia&parent=2465"}],"wp:term":[{"taxonomy":"category","embeddable":true,"href":"https:\/\/panorama-agro.com\/index.php?rest_route=%2Fwp%2Fv2%2Fcategories&post=2465"},{"taxonomy":"post_tag","embeddable":true,"href":"https:\/\/panorama-agro.com\/index.php?rest_route=%2Fwp%2Fv2%2Ftags&post=2465"}],"curies":[{"name":"wp","href":"https:\/\/api.w.org\/{rel}","templated":true}]}}