{"id":2766,"date":"2017-12-01T19:22:07","date_gmt":"2017-12-02T02:22:07","guid":{"rendered":"https:\/\/panorama-agro.com\/?p=2766"},"modified":"2017-12-01T19:22:07","modified_gmt":"2017-12-02T02:22:07","slug":"psilido-de-los-citricos-informacion","status":"publish","type":"post","link":"https:\/\/panorama-agro.com\/?p=2766","title":{"rendered":"Ps\u00edlido de los c\u00edtricos &#8211; Informaci\u00f3n"},"content":{"rendered":"","protected":false},"excerpt":{"rendered":"","protected":false},"author":4,"featured_media":2758,"comment_status":"open","ping_status":"open","sticky":false,"template":"","format":"standard","meta":{"ngg_post_thumbnail":0,"jetpack_post_was_ever_published":false,"_jetpack_newsletter_access":"","_jetpack_newsletter_tier_id":0,"footnotes":""},"categories":[46,53],"tags":[],"acf":[],"jetpack_featured_media_url":"https:\/\/panorama-agro.com\/wp-content\/uploads\/2017\/12\/Asian_Citrus_Psyllid_adult-David-Hall-USDA-ARS-Image-Gallery.jpg","jetpack_sharing_enabled":true,"jetpack_shortlink":"https:\/\/wp.me\/p5Aau3-IC","_links":{"self":[{"href":"https:\/\/panorama-agro.com\/index.php?rest_route=\/wp\/v2\/posts\/2766"}],"collection":[{"href":"https:\/\/panorama-agro.com\/index.php?rest_route=\/wp\/v2\/posts"}],"about":[{"href":"https:\/\/panorama-agro.com\/index.php?rest_route=\/wp\/v2\/types\/post"}],"author":[{"embeddable":true,"href":"https:\/\/panorama-agro.com\/index.php?rest_route=\/wp\/v2\/users\/4"}],"replies":[{"embeddable":true,"href":"https:\/\/panorama-agro.com\/index.php?rest_route=%2Fwp%2Fv2%2Fcomments&post=2766"}],"version-history":[{"count":1,"href":"https:\/\/panorama-agro.com\/index.php?rest_route=\/wp\/v2\/posts\/2766\/revisions"}],"predecessor-version":[{"id":2767,"href":"https:\/\/panorama-agro.com\/index.php?rest_route=\/wp\/v2\/posts\/2766\/revisions\/2767"}],"wp:featuredmedia":[{"embeddable":true,"href":"https:\/\/panorama-agro.com\/index.php?rest_route=\/wp\/v2\/media\/2758"}],"wp:attachment":[{"href":"https:\/\/panorama-agro.com\/index.php?rest_route=%2Fwp%2Fv2%2Fmedia&parent=2766"}],"wp:term":[{"taxonomy":"category","embeddable":true,"href":"https:\/\/panorama-agro.com\/index.php?rest_route=%2Fwp%2Fv2%2Fcategories&post=2766"},{"taxonomy":"post_tag","embeddable":true,"href":"https:\/\/panorama-agro.com\/index.php?rest_route=%2Fwp%2Fv2%2Ftags&post=2766"}],"curies":[{"name":"wp","href":"https:\/\/api.w.org\/{rel}","templated":true}]}}