{"id":2969,"date":"2018-04-12T17:10:59","date_gmt":"2018-04-12T23:10:59","guid":{"rendered":"https:\/\/panorama-agro.com\/?p=2969"},"modified":"2018-05-04T17:38:44","modified_gmt":"2018-05-04T23:38:44","slug":"de-nuevo-en-sus-manos","status":"publish","type":"post","link":"https:\/\/panorama-agro.com\/?p=2969","title":{"rendered":"De nuevo en sus manos&#8230;"},"content":{"rendered":"<p>Despu\u00e9s de un receso de casi dos a\u00f1os, su revista preferida PANORAMA-Agro.com, vuelve a la circulaci\u00f3n con la misma visi\u00f3n que nos impuls\u00f3 a fundarla en 1991.<\/p>\n<p>Nos alienta para este relanzamiento la buena disposici\u00f3n que nuestros amables lectores y anunciantes han tenido con nosotros al preguntar una y otra vez qu\u00e9 hab\u00eda pasado con Panorama AGROPECUARIO, as\u00ed que hoy estamos de nuevo con m\u00e1s \u00e1nimo que nunca dispuestos a seguir sirviendo de foro para que todos aquellos que tienen algo que aportar, utilicen nuestras p\u00e1ginas y de esa manera contribuyamos a mejorar una actividad que ciertamente no ha recibido el justo reconocimiento ni apoyo de parte del gobierno federal.<\/p>\n<p>Ni la amenaza de Donald Trump de acabar con el Tratado de Libre Comercio con Estados Unidos, de donde M\u00e9xico se prob\u00e9 de una gran cantidad de alimentos, ha sido suficiente para hacer ver a las autoridades mexicanas que es tiempo de impulsar nuestra agricultura, porque aunque suene a disco rayado la soberan\u00eda alimentaria es algo que se tiene que impulsar para dejar de depender del extranjero.<\/p>\n<p>En este nuevo escenario reanudamos la circulaci\u00f3n de Panorama convencidos de que la letra impresa tiene todav\u00eda mucho tiempo por delante. Es cierto que las nuevas tecnolog\u00edas de la informaci\u00f3n y el Internet han hecho m\u00e1s fluida la informaci\u00f3n que puede obtenerse cada d\u00eda m\u00e1s abundante y f\u00e1cilmente.<\/p>\n<p>Hoy la gran cantidad de informaci\u00f3n disponible en la red nos obliga a hacernos m\u00e1s selectivos y escoger la informaci\u00f3n que realmente sea de utilidad a nuestro campo de trabajo.<\/p>\n<p>En esa tarea de aportar informaci\u00f3n \u00fatil y aplicable a nuestras condiciones de cultivo, clima, suelo y agua, estamos comprometidos.<\/p>\n","protected":false},"excerpt":{"rendered":"<p>Despu\u00e9s de un receso de casi dos a\u00f1os, su revista preferida PANORAMA-Agro.com, vuelve a la circulaci\u00f3n con la misma visi\u00f3n que nos impuls\u00f3 a fundarla en<span class=\"excerpt-hellip\"> [\u2026]<\/span><\/p>\n","protected":false},"author":4,"featured_media":2176,"comment_status":"open","ping_status":"open","sticky":false,"template":"","format":"standard","meta":{"ngg_post_thumbnail":0,"jetpack_post_was_ever_published":false,"_jetpack_newsletter_access":"","_jetpack_newsletter_tier_id":0,"footnotes":""},"categories":[104],"tags":[],"acf":[],"jetpack_featured_media_url":"https:\/\/panorama-agro.com\/wp-content\/uploads\/2017\/10\/plants-header-fix-3.jpg","jetpack_sharing_enabled":true,"jetpack_shortlink":"https:\/\/wp.me\/p5Aau3-LT","_links":{"self":[{"href":"https:\/\/panorama-agro.com\/index.php?rest_route=\/wp\/v2\/posts\/2969"}],"collection":[{"href":"https:\/\/panorama-agro.com\/index.php?rest_route=\/wp\/v2\/posts"}],"about":[{"href":"https:\/\/panorama-agro.com\/index.php?rest_route=\/wp\/v2\/types\/post"}],"author":[{"embeddable":true,"href":"https:\/\/panorama-agro.com\/index.php?rest_route=\/wp\/v2\/users\/4"}],"replies":[{"embeddable":true,"href":"https:\/\/panorama-agro.com\/index.php?rest_route=%2Fwp%2Fv2%2Fcomments&post=2969"}],"version-history":[{"count":1,"href":"https:\/\/panorama-agro.com\/index.php?rest_route=\/wp\/v2\/posts\/2969\/revisions"}],"predecessor-version":[{"id":2970,"href":"https:\/\/panorama-agro.com\/index.php?rest_route=\/wp\/v2\/posts\/2969\/revisions\/2970"}],"wp:featuredmedia":[{"embeddable":true,"href":"https:\/\/panorama-agro.com\/index.php?rest_route=\/wp\/v2\/media\/2176"}],"wp:attachment":[{"href":"https:\/\/panorama-agro.com\/index.php?rest_route=%2Fwp%2Fv2%2Fmedia&parent=2969"}],"wp:term":[{"taxonomy":"category","embeddable":true,"href":"https:\/\/panorama-agro.com\/index.php?rest_route=%2Fwp%2Fv2%2Fcategories&post=2969"},{"taxonomy":"post_tag","embeddable":true,"href":"https:\/\/panorama-agro.com\/index.php?rest_route=%2Fwp%2Fv2%2Ftags&post=2969"}],"curies":[{"name":"wp","href":"https:\/\/api.w.org\/{rel}","templated":true}]}}