{"id":2971,"date":"2018-04-12T17:28:32","date_gmt":"2018-04-12T23:28:32","guid":{"rendered":"https:\/\/panorama-agro.com\/?p=2971"},"modified":"2018-05-04T17:39:00","modified_gmt":"2018-05-04T23:39:00","slug":"bloqueo-a-expoagro-boicot-o-hartazgo-social","status":"publish","type":"post","link":"https:\/\/panorama-agro.com\/?p=2971","title":{"rendered":"Bloqueo a ExpoAgro \u00bfBoicot o hartazgo social?"},"content":{"rendered":"<p>Por primera vez en su historia de m\u00e1s de 20 a\u00f1os la Expo Agro Sinaloa que se lleg\u00f3 a convertir en el evento agr\u00edcola m\u00e1s importante de M\u00e9xico, congregando no solo a productores y prestadores de servicios e insumos al campo de nuestro pa\u00eds sino tambi\u00e9n del extranjero, ese evento estuvo a punto de suspenderse por un bloqueo de productores agr\u00edcolas que reclaman mejores precios de venta para sus cosechas de ma\u00edz, frijol y garbanzo.<\/p>\n<p>El pretexto fue hacerse escuchar por el gobernador Quirino Ordaz Coppel, a quien le impidieron el acceso a la tribuna donde se inaugurar\u00eda el evento.<\/p>\n<p>Desde las primeras horas del mi\u00e9rcoles 14 de febrero, un grupo de m\u00e1s 400 productores agr\u00edcolas inconformes se apostaron en la carretera Culiac\u00e1n-Mazatl\u00e1n impidieron el acceso de expositores y visitantes lo que provoc\u00f3 un verdadero caos vehicular ya que era la hora de mayor afluencia de expositores que llegaban a terminar de armar sus stands.<\/p>\n<p>Al ver que los visitantes a la Expo caminaban a pie para introducirse al recinto, los manifestantes optaron por meterse a las instalaciones y tomar el templete donde se har\u00eda el acto inaugural, reclamando la presencia del gobernador y del representante del gobierno federal que acudir\u00eda a poner en marcha el evento.<\/p>\n<p>Una vez que apareci\u00f3 el gobernador Ordaz Coppel fue rodeado por los manifestantes quienes le reclamaron la falta de cumplimiento a las promesas de pago de subsidios y compensaci\u00f3n a los precios de las cosechas de ma\u00edz del ciclo anterior.<\/p>\n<p>Se quejaron de que no se haya establecido un esquema de precios y que el pago que reciben los productores por sus cosechas no alcanza ni siquiera para cubrir sus costos de producci\u00f3n por lo que terminan trabajando gratis y en el peor de los casos, con deudas derivadas de que el precio que reciben por sus granos, no alcanza ni siquiera para pagar los av\u00edos.<\/p>\n<p>No hab\u00eda un solo dirigente al frente de la manifestaci\u00f3n sino productores j\u00f3venes, viejos y se\u00f1oras que reclamaban la falta de atenci\u00f3n del gobierno.<\/p>\n<p>Con pancartas de \u201cYa basta de abandono y de indiferencia al campo\u201d, los productores mantuvieron el bloqueo a la Expo Agro durante toda la ma\u00f1ana del mi\u00e9rcoles 14 por lo que el evento luci\u00f3 vac\u00edo pues muchos asistentes desistieron de ingresar al recinto, despu\u00e9s de esperar hasta 3 horas para ingresar, sin \u00e9xito.<\/p>\n<p>Una vez cancelada la inauguraci\u00f3n el gobernador ofreci\u00f3 atender a los manifestantes en una reuni\u00f3n de acuerdos que se prolong\u00f3 por buena parte del d\u00eda y continu\u00f3 al d\u00eda siguiente, sin acuerdos precisos de parte de la autoridad.<\/p>\n<p>La pregunta que los expositores y asistentes se hac\u00edan con mayor frecuencia era: \u00bfPor qu\u00e9 tomar la Expo con el pretexto de hablar con el gobernador, cuando lo pudieron haber abordado en palacio de gobierno?.<\/p>\n<p>\u00bfPor qu\u00e9 da\u00f1ar un evento como Expo Agro que no tiene nada que ver con el tema de los precios de las cosechas?<\/p>\n<p>\u00bfFue la toma de la Expo Agro un boicot pol\u00edtico en tiempos electorales alentado por partidos o fue la sincera manifestaci\u00f3n de hartazgo social de parte de los productores que sienten que incluso sus l\u00edderes han doblado las manos?.<\/p>\n<p>\u00bfTendr\u00e1n los organizadores que evaluar si suspenden el evento en los pr\u00f3ximos a\u00f1os?.<\/p>\n","protected":false},"excerpt":{"rendered":"<p>Por primera vez en su historia de m\u00e1s de 20 a\u00f1os la Expo Agro Sinaloa que se lleg\u00f3 a convertir en el evento agr\u00edcola m\u00e1s importante<span class=\"excerpt-hellip\"> [\u2026]<\/span><\/p>\n","protected":false},"author":4,"featured_media":2972,"comment_status":"open","ping_status":"open","sticky":false,"template":"","format":"standard","meta":{"ngg_post_thumbnail":0,"jetpack_post_was_ever_published":false,"_jetpack_newsletter_access":"","_jetpack_newsletter_tier_id":0,"footnotes":""},"categories":[104],"tags":[],"acf":[],"jetpack_featured_media_url":"https:\/\/panorama-agro.com\/wp-content\/uploads\/2018\/04\/Expo-Agro-2018.jpg","jetpack_sharing_enabled":true,"jetpack_shortlink":"https:\/\/wp.me\/p5Aau3-LV","_links":{"self":[{"href":"https:\/\/panorama-agro.com\/index.php?rest_route=\/wp\/v2\/posts\/2971"}],"collection":[{"href":"https:\/\/panorama-agro.com\/index.php?rest_route=\/wp\/v2\/posts"}],"about":[{"href":"https:\/\/panorama-agro.com\/index.php?rest_route=\/wp\/v2\/types\/post"}],"author":[{"embeddable":true,"href":"https:\/\/panorama-agro.com\/index.php?rest_route=\/wp\/v2\/users\/4"}],"replies":[{"embeddable":true,"href":"https:\/\/panorama-agro.com\/index.php?rest_route=%2Fwp%2Fv2%2Fcomments&post=2971"}],"version-history":[{"count":2,"href":"https:\/\/panorama-agro.com\/index.php?rest_route=\/wp\/v2\/posts\/2971\/revisions"}],"predecessor-version":[{"id":2974,"href":"https:\/\/panorama-agro.com\/index.php?rest_route=\/wp\/v2\/posts\/2971\/revisions\/2974"}],"wp:featuredmedia":[{"embeddable":true,"href":"https:\/\/panorama-agro.com\/index.php?rest_route=\/wp\/v2\/media\/2972"}],"wp:attachment":[{"href":"https:\/\/panorama-agro.com\/index.php?rest_route=%2Fwp%2Fv2%2Fmedia&parent=2971"}],"wp:term":[{"taxonomy":"category","embeddable":true,"href":"https:\/\/panorama-agro.com\/index.php?rest_route=%2Fwp%2Fv2%2Fcategories&post=2971"},{"taxonomy":"post_tag","embeddable":true,"href":"https:\/\/panorama-agro.com\/index.php?rest_route=%2Fwp%2Fv2%2Ftags&post=2971"}],"curies":[{"name":"wp","href":"https:\/\/api.w.org\/{rel}","templated":true}]}}