{"id":306,"date":"2015-02-07T01:19:50","date_gmt":"2015-02-07T01:19:50","guid":{"rendered":"http:\/\/bancoinfo.panorama-agro.com\/?p=306"},"modified":"2015-02-20T01:15:15","modified_gmt":"2015-02-20T01:15:15","slug":"mosaico-dorado","status":"publish","type":"post","link":"https:\/\/panorama-agro.com\/?p=306","title":{"rendered":"Mosaico Dorado &#8211; Informaci\u00f3n"},"content":{"rendered":"<p>El mosaico dorado del fr\u00edjol es una enfermedad causada por un virus. Afecta el follaje del cultivo,<br \/>\nproduciendo un moteado intenso entre las venas.<\/p>\n<p>Las plantas afectadas no tienen un buen desarrollo por lo que disminuye su producci\u00f3n hasta en un 100%. Tambi\u00e9n las plantas se encrespan dando un aspecto de arrugamiento y falta de nutrientes.<\/p>\n<h5>C\u00f3mo vive la enfermedad<\/h5>\n<p>El mosaico dorado del fr\u00edjol no tiene cura. El virus se aloja en hojas, tallos y vainas del frijol donde vive hasta que la planta muere.<\/p>\n<p>El virus es transmitido por la mosca blanca que es un insecto chupador. La mosca blanca puede vivir de muchos cultivos, pero prefiere el frijol y el tomate. Adem\u00e1s, vive en las malezas como la escoba lisa y el bledo. La mosca blanca causa m\u00e1s da\u00f1o en climas calientes y veranillos cortos. El mosaico dorado ataca a todas las variedades de frijol rojo. No ataca a ning\u00fan otro cultivo y no es transmitido por semilla.<\/p>\n<h5>Manejo<\/h5>\n<p>Se puede prevenir el da\u00f1o con un buen manejo del frijol:<\/p>\n<ul>\n<li>Controlar malezas dentro del cultivo y en las rondas<\/li>\n<li>Evitar sembrar en \u00e9poca seca ya que la enfermedad afecta m\u00e1s<\/li>\n<li>Proteger el \u00e1rea con barreras vivas de ma\u00edz, sorgo y\/o pastos para reducir el da\u00f1o de la plaga<\/li>\n<li>Sembrar semilla de variedades mejoradas resistentes<\/li>\n<li>Antes de aplicar un insecticida sist\u00e9mico es importante hacer muestreos para ver la presencia de la plaga<\/li>\n<li>Si se observan de 1 a 3 moscas blancas por planta en los primeros 45 d\u00edas se puede realizar una medida de control qu\u00edmico<\/li>\n<\/ul>\n<p>&nbsp;<\/p>\n<p><strong>Autor:<\/strong> Eduardo Espinoza y Mart\u00edn Urbina. INTA, Carazo; DGPSA Estel\u00ed. Nicaragua.<br \/>\nEmail: <a href=\"mailto:eduardoef@hotmail.com\">eduardoef@hotmail.com<\/a> y <a href=\"mailto:martinurbina1@yahoo.com\">martinurbina1@yahoo.com<\/a><\/p>\n","protected":false},"excerpt":{"rendered":"<p>El mosaico dorado del fr\u00edjol es una enfermedad causada por un virus. Afecta el follaje del cultivo, produciendo un moteado intenso entre las venas. Las plantas<span class=\"excerpt-hellip\"> [\u2026]<\/span><\/p>\n","protected":false},"author":4,"featured_media":373,"comment_status":"open","ping_status":"open","sticky":false,"template":"","format":"image","meta":{"ngg_post_thumbnail":0,"jetpack_post_was_ever_published":false,"_jetpack_newsletter_access":"","_jetpack_newsletter_tier_id":0,"footnotes":""},"categories":[47,65],"tags":[],"acf":[],"jetpack_featured_media_url":"https:\/\/panorama-agro.com\/wp-content\/uploads\/2015\/02\/Frijol-mosaico-dorado-2-Howard-F.-Schwartz-Colorado-State-University-Bugwood.org_.jpg","jetpack_sharing_enabled":true,"jetpack_shortlink":"https:\/\/wp.me\/p5Aau3-4W","_links":{"self":[{"href":"https:\/\/panorama-agro.com\/index.php?rest_route=\/wp\/v2\/posts\/306"}],"collection":[{"href":"https:\/\/panorama-agro.com\/index.php?rest_route=\/wp\/v2\/posts"}],"about":[{"href":"https:\/\/panorama-agro.com\/index.php?rest_route=\/wp\/v2\/types\/post"}],"author":[{"embeddable":true,"href":"https:\/\/panorama-agro.com\/index.php?rest_route=\/wp\/v2\/users\/4"}],"replies":[{"embeddable":true,"href":"https:\/\/panorama-agro.com\/index.php?rest_route=%2Fwp%2Fv2%2Fcomments&post=306"}],"version-history":[{"count":12,"href":"https:\/\/panorama-agro.com\/index.php?rest_route=\/wp\/v2\/posts\/306\/revisions"}],"predecessor-version":[{"id":692,"href":"https:\/\/panorama-agro.com\/index.php?rest_route=\/wp\/v2\/posts\/306\/revisions\/692"}],"wp:featuredmedia":[{"embeddable":true,"href":"https:\/\/panorama-agro.com\/index.php?rest_route=\/wp\/v2\/media\/373"}],"wp:attachment":[{"href":"https:\/\/panorama-agro.com\/index.php?rest_route=%2Fwp%2Fv2%2Fmedia&parent=306"}],"wp:term":[{"taxonomy":"category","embeddable":true,"href":"https:\/\/panorama-agro.com\/index.php?rest_route=%2Fwp%2Fv2%2Fcategories&post=306"},{"taxonomy":"post_tag","embeddable":true,"href":"https:\/\/panorama-agro.com\/index.php?rest_route=%2Fwp%2Fv2%2Ftags&post=306"}],"curies":[{"name":"wp","href":"https:\/\/api.w.org\/{rel}","templated":true}]}}