{"id":3098,"date":"2018-05-04T15:55:58","date_gmt":"2018-05-04T21:55:58","guid":{"rendered":"https:\/\/panorama-agro.com\/?p=3098"},"modified":"2018-06-12T17:31:55","modified_gmt":"2018-06-12T23:31:55","slug":"expoceres-2018-planeacion-clave-para-una-agricultura-justa","status":"publish","type":"post","link":"https:\/\/panorama-agro.com\/?p=3098","title":{"rendered":"EXPOCERES 2018 &#8211; Planeaci\u00f3n, clave para una agricultura justa"},"content":{"rendered":"<h4>Propuestas del Ing. Guillermo Elizondo,&nbsp;en la inauguraci\u00f3n de la Expo Ceres 2018<\/h4>\n<p>Bajo el lema de la capital del agroconocimiento, la Expo Ceres 2018 que celebr\u00f3 sus primeros 25 a\u00f1os de realizarse de manera ininterrumpida, fue todo un \u00e9xito desde el punto de vista de expositores participantes y p\u00fablico asistente, principalmente agricultores y t\u00e9cnicos que aprovecharon un amplio programa de conferencias donde se abordaron temas de tecnolog\u00eda, financiamiento, pol\u00edtica agr\u00edcola y maquinaria y equipos especializados para el campo.<\/p>\n<p>En el acto inaugural, el Ing. Guillermo Elizondo Collard aprovech\u00f3 el foro para hacer una serie de propuestas para mejorar la actividad, la cual dijo \u201cdesde hace tiempo, est\u00e1 inmersa en muchos problemas que no se solucionar\u00e1n con paros, manifestaciones, tomas de casetas, ni presiones de diversa \u00edndole, las soluciones las encontraremos a trav\u00e9s del di\u00e1logo entre las autoridades y los organismos privados involucrados\u201d.<\/p>\n<p>El gobernador Quirino Ordaz Copel, quien encabez\u00f3 el evento inaugural asegur\u00f3 que recoge las inquietudes y dio instrucciones al secretario de Agricultura Estatal y al delegado de SAGARPA, Juan Haberman y Patricio Robles, respectivamente, para que se organicen reuniones de an\u00e1lisis a efecto de buscar soluci\u00f3n a los muchos problemas del campo.<\/p>\n<p>En su mensaje, el Ing. Elizondo subray\u00f3 que \u201cdesde hace muchos a\u00f1os, ha bajado en forma continua el apoyo real al sector agropecuario. La agricultura, por su importancia, debe ser considerada estrat\u00e9gica para el desarrollo del pa\u00eds, ya que genera divisas, aporta empleos, produce los alimentos que requerimos los mexicanos y debe ser atendida por el gobierno en forma preferencial, con reglas que permitan al productor una rentabilidad razonable por su trabajo\u201d.<\/p>\n<p>Expuso que es prioritario que la agricultura a nivel nacional, no se administre por sexenios ni por ciclos agr\u00edcolas, lo que se requiere es una planeaci\u00f3n disruptiva a 20 a\u00f1os, que permita tener objetivos y metas claras y que todos los involucrados le den continuidad al proyecto.<\/p>\n<p>Esta es parte de su discurso:<\/p>\n<p>\u201cLa propuesta no es hacer un solo plan agr\u00edcola nacional sino dos, uno para las zonas donde se practica la agricultura comercial productiva como en Sonora, Sinaloa, el Baj\u00edo, Jalisco, etc., en donde el peque\u00f1o propietario y el ejidatario utilizan tecnolog\u00eda moderna y sus campos tienen el mismo nivel de productividad, donde se exporta y se pone valor agregado a las cosechas.<\/p>\n<p>\u201cEl otro plan, totalmente separado del anterior, debe ser hecho para la agricultura del minifundio, del autoconsumo, donde se usa poca o nula tecnolog\u00eda y que est\u00e1 sumido en la pobreza; a estos campesinos, debemos darles educaci\u00f3n, soluciones pol\u00edticas a la propiedad de la tierra, organizaci\u00f3n, financiamiento, tecnolog\u00eda, precios justos y no darles paliativos en forma de insumos, que la mayor\u00eda, desgraciadamente, no saben usar y por supuesto, ofrecerles extensi\u00f3n agr\u00edcola oficial para sacar a estos mexicanos del abandono, convirti\u00e9ndolos en productores comerciales.<\/p>\n<p>\u201cBajo la direcci\u00f3n del Gobernador, Quirino Ordaz Coppel, se deben iniciar cuanto antes los trabajos de planeaci\u00f3n, debatirlos y llegar a un acuerdo amplio para tener un rumbo y que los procesos est\u00e9n bien delineados y le permitan prosperar a toda la cadena productiva, para que cuando est\u00e9n listos, proponerlos al pr\u00f3ximo presidente de la rep\u00fablica y este ser\u00e1, sin lugar a dudas, el camino para tener una agricultura justa, innovadora, tecnificada y productiva.<\/p>\n<p>\u201cLos temas son muchos para tratarlos aqu\u00ed, pero s\u00ed quiero enfocarme en los cuatro que considero m\u00e1s importantes: primero, investigaci\u00f3n: todos los pa\u00edses est\u00e1n aumentando sus programas de investigaci\u00f3n, donde es necesario invertir m\u00ednimo el 1% del Producto Interno Bruto nacional y por ello, Israel, Corea del Sur y Jap\u00f3n invierten cada uno m\u00e1s del 4%. M\u00e9xico en el actual sexenio solo ha gastado 0.46% y el estado de Sinaloa durante el sexenio anterior s\u00f3lo alcanz\u00f3 el 0.33%. M\u00e9xico no debe rezagarse en este rubro, que es la pauta para el desarrollo.<\/p>\n<p>\u201cEl segundo tema es el agua: en el pa\u00eds hay regiones \u00e1ridas y h\u00famedas. En Sinaloa, con sus once r\u00edos, nunca deber\u00edamos padecer por falta de agua, ni a\u00fan durante \u00e9pocas de sequ\u00eda. Hay acuerdos aprobados y firmados por todas las autoridades y organismos interesados, que si se ponen en vigor disfrutaremos en el futuro de \u00e9pocas productivas y seguras. Pedimos con insistencia que se implementen y entre ellos ya est\u00e1 incluido que se cobre el agua para la agricultura por volumen y no por superficie y as\u00ed evitaremos que los drenes vayan rebozando tirando agua al mar. Adem\u00e1s, se deben revisar los t\u00edtulos de concesi\u00f3n, estatutos, reglamentos de las concesionarias, de los distritos de riego y de la ley de aguas nacionales.<\/p>\n<p>\u201cEl tercer tema es el financiero: la pol\u00edtica monetaria del banco de M\u00e9xico para contener la inflaci\u00f3n ha tra\u00eddo como consecuencia un encarecimiento en el costo financiero para los productores agr\u00edcolas, actualmente las tasas de inter\u00e9s rondan en niveles del 13% al 18%, lo que hace imposible que nuestros productores compitan a nivel internacional, pues los agricultores de Estados Unidos obtienen financiamientos a tasas cercanas al 1%. Es necesario una pol\u00edtica de apoyos en tasas a los productores, la cual deber\u00e1 de trasladarse a trav\u00e9s de todos los intermediarios financieros que atienden el sector y no s\u00f3lo a trav\u00e9s de las instituciones del gobierno, para evitar la competencia desleal entre los intermediarios. Deben promocionarse m\u00e1s los cr\u00e9ditos prendarios y los reportos, donde los bienes financiados sirvan como garant\u00edas de los cr\u00e9ditos, otorgando as\u00ed, liquidez al campo mexicano. El gobierno federal, a trav\u00e9s de las instituciones de banca de desarrollo, debe continuar fondeando a los intermediarios financieros no bancarios que atienden al sector. Las instituciones de pol\u00edtica p\u00fablica deben fortalecerlos, desarrollarlos y no obligarlos a financiarse con recursos m\u00e1s caros que representan un costo m\u00e1s alto para el productor final.<\/p>\n<p>\u201cY por \u00faltimo, la comercializaci\u00f3n de la producci\u00f3n agr\u00edcola, aunque todav\u00eda no sabemos el resultado de las negociaciones del Tratado de Libre Comercio y que est\u00e1n llevando en forma mancomunada de una manera muy efectiva el sector privado y el gobierno, se debe programar a largo plazo, lograr que el productor tenga los apoyos que le permitan competir globalmente igualando las condiciones de trabajo, costo del financiamiento e insumos y pueda recibir el valor de su cosecha en forma oportuna; de tal manera, que se logre para el productor, el financiero, el comercializador y el industrial, una operaci\u00f3n segura y rentable\u201d.<\/p>\n<p>Y concluy\u00f3: \u201cRecuerdo cuando hace 25 a\u00f1os naci\u00f3 la primera Expoceres, que consisti\u00f3 en una peque\u00f1a carne asada. Gracias al personal de Grupo Ceres, al equipo organizador de la Expo; pero sobre todo, a los investigadores, productores, patrocinadores y expositores, hemos crecido y nunca hemos perdido nuestro objetivo: ser un v\u00ednculo para el conocimiento, la tecnolog\u00eda, los negocios y la innovaci\u00f3n en beneficio del productor\u201d.<\/p>\n","protected":false},"excerpt":{"rendered":"<p>Propuestas del Ing. Guillermo Elizondo,&nbsp;en la inauguraci\u00f3n de la Expo Ceres 2018 Bajo el lema de la capital del agroconocimiento, la Expo Ceres 2018 que celebr\u00f3<span class=\"excerpt-hellip\"> [\u2026]<\/span><\/p>\n","protected":false},"author":4,"featured_media":3099,"comment_status":"open","ping_status":"open","sticky":false,"template":"","format":"standard","meta":{"ngg_post_thumbnail":0,"jetpack_post_was_ever_published":false,"_jetpack_newsletter_access":"","_jetpack_newsletter_tier_id":0,"footnotes":""},"categories":[105],"tags":[],"acf":[],"jetpack_featured_media_url":"https:\/\/panorama-agro.com\/wp-content\/uploads\/2018\/05\/Guillermo-Elizondo-Collard.jpg","jetpack_sharing_enabled":true,"jetpack_shortlink":"https:\/\/wp.me\/p5Aau3-NY","_links":{"self":[{"href":"https:\/\/panorama-agro.com\/index.php?rest_route=\/wp\/v2\/posts\/3098"}],"collection":[{"href":"https:\/\/panorama-agro.com\/index.php?rest_route=\/wp\/v2\/posts"}],"about":[{"href":"https:\/\/panorama-agro.com\/index.php?rest_route=\/wp\/v2\/types\/post"}],"author":[{"embeddable":true,"href":"https:\/\/panorama-agro.com\/index.php?rest_route=\/wp\/v2\/users\/4"}],"replies":[{"embeddable":true,"href":"https:\/\/panorama-agro.com\/index.php?rest_route=%2Fwp%2Fv2%2Fcomments&post=3098"}],"version-history":[{"count":3,"href":"https:\/\/panorama-agro.com\/index.php?rest_route=\/wp\/v2\/posts\/3098\/revisions"}],"predecessor-version":[{"id":3102,"href":"https:\/\/panorama-agro.com\/index.php?rest_route=\/wp\/v2\/posts\/3098\/revisions\/3102"}],"wp:featuredmedia":[{"embeddable":true,"href":"https:\/\/panorama-agro.com\/index.php?rest_route=\/wp\/v2\/media\/3099"}],"wp:attachment":[{"href":"https:\/\/panorama-agro.com\/index.php?rest_route=%2Fwp%2Fv2%2Fmedia&parent=3098"}],"wp:term":[{"taxonomy":"category","embeddable":true,"href":"https:\/\/panorama-agro.com\/index.php?rest_route=%2Fwp%2Fv2%2Fcategories&post=3098"},{"taxonomy":"post_tag","embeddable":true,"href":"https:\/\/panorama-agro.com\/index.php?rest_route=%2Fwp%2Fv2%2Ftags&post=3098"}],"curies":[{"name":"wp","href":"https:\/\/api.w.org\/{rel}","templated":true}]}}