{"id":3388,"date":"2018-11-29T16:05:09","date_gmt":"2018-11-29T23:05:09","guid":{"rendered":"https:\/\/panorama-agro.com\/?p=3388"},"modified":"2018-11-29T17:10:50","modified_gmt":"2018-11-30T00:10:50","slug":"mildiu-de-la-alfalfa-peronospora-trifoliorum","status":"publish","type":"post","link":"https:\/\/panorama-agro.com\/?p=3388","title":{"rendered":"Mildi\u00fa de la alfalfa &#8211; Peronospora trifoliorum"},"content":{"rendered":"\n<h4 class=\"wp-block-heading\">Importancia En M\u00e9xico<\/h4>\n\n\n\n<p>Esta enfermedad  es  com\u00fan en  todas las  regiones  donde  se  cultiva  la  alfalfa, principalmente  en  los  estados  de  Guanajuato, Hidalgo    y  M\u00e9xico.  Ocurre  en  la  \u00e9poca  de invierno  y  en  condiciones  fr\u00edas  y  lluviosas.  Su ataque  es  peligroso  al  momento  del establecimiento  del  cultivo,  porque  una  porci\u00f3n de  pl\u00e1ntulas  muere.  Sin  embargo,  el  da\u00f1o  que ocasiona  en variedades  susceptibles puede  ser muy  severo,  llegando a  reducir  la  producci\u00f3n  y persistencia del alfalfar.<\/p>\n\n\n\n<h4 class=\"wp-block-heading\"> S\u00edntomas<\/h4>\n\n\n\n<p>En  el  tejido enfermo  y  principalmente  en el  haz de los foliolos se observan \u00e1reas clor\u00f3ticas, pero puede  invadir  hojas  completas  o  rebrotes  si  la infecci\u00f3n  es  sist\u00e9mica.  Cuando  los  tallos  son infectados  sistem\u00e1ticamente  los  entrenudos  son cortos y m\u00e1s  gruesos  (se hinchan) con  respecto al tallo sano.  Las  hojas se enrollan  sobre  su eje principal  y  en el  env\u00e9s  se  observa un  moho  de blanco  a  violeta  p\u00e1lido  o  gris\u00e1ceo,  que corresponde  al  crecimiento  de  esporangi\u00f3foros con conidios. Las oosporas son producidas en el tejido necr\u00f3tico y senescente.<\/p>\n\n\n\n<p>En alfalfares adultos s\u00f3lo quedan atacadas determinadas partes de las plantas localizadas en tallos y hojas. Si el ataque es fuerte se puede llegar a la defoliaci\u00f3n y desecaci\u00f3n de los tallos.<\/p>\n\n\n\n<h4 class=\"wp-block-heading\">Organismo causal<\/h4>\n\n\n\n<p>La enfermedad es causada por el hongo <em>Peronospora trifoliorum<\/em>. El micelio  es  cenoc\u00edtico,  se  desarrolla  a  nivel intercelular y es posible que produzca haustorios. Los  esporangi\u00f3foros  emergen  a  trav\u00e9s  del estoma,  son  delgados,  semejando  un  \u00e1rbol, ramificados dicot\u00f3micamente y cada ramificaci\u00f3n termina en un esterigma que produce un conidio. Los  conidios  son  globosos  y  el\u00edpticos (alimonados)  que  miden  de  15  &#8211;  37  x  9  &#8211;  27 micras, de color blanco a violeta p\u00e1lido y germina produciendo  un  tubo  germinativo.  Las  oosporas son  globosas  y  miden  de  30  &#8211;  50  micras  de di\u00e1metro,  lisas  o  arrugadas,  de  color  amarillo brillante.<\/p>\n\n\n\n<h4 class=\"wp-block-heading\">Control<\/h4>\n\n\n\n<p>Adelantar el corte puede ayudar a controlar esta enfermedad, as\u00ed como cortar bajo y retirar el forraje de la manera m\u00e1s limpia posible.<\/p>\n\n\n\n<p>Algunas  variedades  resistentes  son  Saranac  y KS208(5),  no adaptadas  a algunas regiones productoras, pero se pueden usar como fuente de resistencia gen\u00e9tica.  Otra  pr\u00e1ctica  cultural  es  reducir  la l\u00e1mina y frecuencia de riegos en \u00e9poca de lluvias.<br><\/p>\n\n\n\n<h4 class=\"wp-block-heading\">Taxonom\u00eda<\/h4>\n\n\n\n<ul><li><strong>Reino: <\/strong>Chromista<\/li><li><strong>Phylum:<\/strong> Pseudofungi<\/li><li><strong>Clase: <\/strong>Oomycetes<\/li><li><strong>Orden:<\/strong> Peronosporales<\/li><li><strong>Familia:<\/strong> Peronosporaceae<\/li><li><strong>G\u00e9nero:<\/strong> Peronospora<\/li><li><strong>Especie:<\/strong> trifoliorum<\/li><\/ul>\n\n\n\n<h4 class=\"wp-block-heading\">Fuente<\/h4>\n\n\n\n<p>Manual de plagas y Enfermedades de la Alfalfa (Medicago sativa L.).&nbsp;<a href=\"https:\/\/www.researchgate.net\/publication\/308929400_MANUAL_DE_PLAGAS_Y_ENFERMEDADES_DE_LA_ALFALFA_Medicago_sativa_L\" target=\"_blank\" rel=\"noreferrer noopener\" aria-label=\"Manual de plagas y Enfermedades de la Alfalfa (Medicago sativa L.).&nbsp;https:\/\/www.researchgate.net\/publication\/308929400_MANUAL_DE_PLAGAS_Y_ENFERMEDADES_DE_LA_ALFALFA_Medicago_sativa_L (opens in a new tab)\">https:\/\/www.researchgate.net\/publication\/308929400_MANUAL_DE_PLAGAS_Y_ENFERMEDADES_DE_LA_ALFALFA_Medicago_sativa_L<\/a><\/p>\n","protected":false},"excerpt":{"rendered":"<p>Importancia En M\u00e9xico Esta enfermedad es com\u00fan en todas las regiones donde se cultiva la alfalfa, principalmente en los estados de Guanajuato, Hidalgo y M\u00e9xico. Ocurre<span class=\"excerpt-hellip\"> [\u2026]<\/span><\/p>\n","protected":false},"author":4,"featured_media":3387,"comment_status":"open","ping_status":"open","sticky":false,"template":"","format":"standard","meta":{"ngg_post_thumbnail":0,"jetpack_post_was_ever_published":false,"_jetpack_newsletter_access":"","_jetpack_newsletter_tier_id":0,"footnotes":""},"categories":[47,109],"tags":[110,50,111],"acf":[],"jetpack_featured_media_url":"https:\/\/panorama-agro.com\/wp-content\/uploads\/2018\/11\/Peronospora-trifoliorum-haz-de-la-hoja-Gerald-Holmes-California-Polytechnic-State-University-at-San-Luis-Obispo-Bugwood.org_.jpg","jetpack_sharing_enabled":true,"jetpack_shortlink":"https:\/\/wp.me\/p5Aau3-SE","_links":{"self":[{"href":"https:\/\/panorama-agro.com\/index.php?rest_route=\/wp\/v2\/posts\/3388"}],"collection":[{"href":"https:\/\/panorama-agro.com\/index.php?rest_route=\/wp\/v2\/posts"}],"about":[{"href":"https:\/\/panorama-agro.com\/index.php?rest_route=\/wp\/v2\/types\/post"}],"author":[{"embeddable":true,"href":"https:\/\/panorama-agro.com\/index.php?rest_route=\/wp\/v2\/users\/4"}],"replies":[{"embeddable":true,"href":"https:\/\/panorama-agro.com\/index.php?rest_route=%2Fwp%2Fv2%2Fcomments&post=3388"}],"version-history":[{"count":8,"href":"https:\/\/panorama-agro.com\/index.php?rest_route=\/wp\/v2\/posts\/3388\/revisions"}],"predecessor-version":[{"id":3408,"href":"https:\/\/panorama-agro.com\/index.php?rest_route=\/wp\/v2\/posts\/3388\/revisions\/3408"}],"wp:featuredmedia":[{"embeddable":true,"href":"https:\/\/panorama-agro.com\/index.php?rest_route=\/wp\/v2\/media\/3387"}],"wp:attachment":[{"href":"https:\/\/panorama-agro.com\/index.php?rest_route=%2Fwp%2Fv2%2Fmedia&parent=3388"}],"wp:term":[{"taxonomy":"category","embeddable":true,"href":"https:\/\/panorama-agro.com\/index.php?rest_route=%2Fwp%2Fv2%2Fcategories&post=3388"},{"taxonomy":"post_tag","embeddable":true,"href":"https:\/\/panorama-agro.com\/index.php?rest_route=%2Fwp%2Fv2%2Ftags&post=3388"}],"curies":[{"name":"wp","href":"https:\/\/api.w.org\/{rel}","templated":true}]}}