{"id":3409,"date":"2018-11-29T17:41:33","date_gmt":"2018-11-30T00:41:33","guid":{"rendered":"https:\/\/panorama-agro.com\/?p=3409"},"modified":"2018-11-29T18:37:15","modified_gmt":"2018-11-30T01:37:15","slug":"roya-de-la-alfalfa-uromyces-striatus","status":"publish","type":"post","link":"https:\/\/panorama-agro.com\/?p=3409","title":{"rendered":"Roya de la Alfalfa &#8211; Uromyces striatus"},"content":{"rendered":"\n<h4 class=\"wp-block-heading\">Importancia<\/h4>\n\n\n\n<p>En la mayor  parte  del mundo la  roya  afecta  a la alfalfa,  incidiendo  en  mayor  grado  en  las regiones  c\u00e1lidas.  Por  la  severa  defoliaci\u00f3n,  las p\u00e9rdidas  se  acent\u00faan  al  retrasarse  los  cortes  o en  plantaciones  destinadas  a  la  producci\u00f3n  de semilla.<\/p>\n\n\n\n<h4 class=\"wp-block-heading\">S\u00edntomas<\/h4>\n\n\n\n<p>Se  reconoce  por  peque\u00f1as  p\u00fastulas  circulares color caf\u00e9 rojizo conformadas por urediniosporas que  brotan  de la  epidermis,  tanto del  haz  como del env\u00e9s de los foliolos y sobre los peciolos. Las p\u00fastulas alargadas se desarrollan posteriormente sobre  los  tallos.  Las  esporas  se  desprenden f\u00e1cilmente.  Se  presenta  la  ca\u00edda  prematura  de hojas.  La  <em>Euphorbia<\/em>  spp.  es  el  hospedante alternante,  donde  las  ecias se  desarrollan en  el env\u00e9s de las hojas y sobre tallos.<\/p>\n\n\n\n<h4 class=\"wp-block-heading\">Organismo causal<\/h4>\n\n\n\n<p>La roya de la alfalfa es causada por el hongo <em>Uromyces striatus<\/em>. Sobre  el  hospedante  produce  urediniosporas unicelulares,  globosas  o  elipsoidales,  miden  de 17  &#8211;  27 x  16 &#8211;  23 micras, con  pares  de  1.5 a  2 micras,  eventualmente  equinuladas,  color  caf\u00e9 amarillento, con dos a cinco poros ecuatoriales y sobre  pedicelos  hialinos.  Las  teliosporas  son unicelulares, de forma ovoide hasta elipsoidales, de  17  a  29  x  13  a  21  micras,  con  estr\u00edas  longitudinales color caf\u00e9 obscuro, con poro apical y pedicelos incoloros.<\/p>\n\n\n\n<h4 class=\"wp-block-heading\">Ciclo de la enfermedad y epidemiolog\u00eda<\/h4>\n\n\n\n<p>El hongo tolera  un amplio rango de temperatura. En regiones c\u00e1lidas produce urediniosporas todo el  invierno  que  permanecen  viables  por  varios meses.  Germinan  en  condiciones  h\u00famedas  con 15 a  25  \u00b0C  y llega a  reproducirse  cada 7 d\u00edas a 25 \u00b0C, o cada 15 d\u00edas con 30 \u00b0C.<\/p>\n\n\n\n<h4 class=\"wp-block-heading\">Control<\/h4>\n\n\n\n<p>El  cultivar  moderadamente  resistente  reportado es MSA-CW3An3, con 50-60% de resistencia, \u00fatil como  fuente  gen\u00e9tica  de  resistencia  para variedades  adaptables  a las diferentes regiones productoras. A pesar  de  usar  fungicidas  l\u00edquidos,  no  son econ\u00f3micamente  viables,  y  no  se  reportan medidas de control cultural.<br><em>(<\/em><\/p>\n\n\n\n<h4 class=\"wp-block-heading\">Taxonom\u00eda<\/h4>\n\n\n\n<ul><li><strong>Reino:<\/strong>    Fungi<\/li><li><strong>Phylum:<\/strong>    Basidiomycota<\/li><li><strong>Clase:<\/strong>    Urediniomycetes<\/li><li><strong>Subclase:<\/strong>    Incertae sedis<\/li><li><strong>Orden:<\/strong>    Uredinales<\/li><li><strong>Familia:<\/strong>    Pucciniaceae<\/li><li><strong>G\u00e9nero:<\/strong>    Uromyces<\/li><li><strong>Especie:<\/strong> striatus<\/li><\/ul>\n\n\n\n<h4 class=\"wp-block-heading\">Fuente<\/h4>\n\n\n\n<p>\n\nManual de plagas y Enfermedades de la Alfalfa (Medicago sativa L.).&nbsp;<a rel=\"noreferrer noopener\" href=\"https:\/\/www.researchgate.net\/publication\/308929400_MANUAL_DE_PLAGAS_Y_ENFERMEDADES_DE_LA_ALFALFA_Medicago_sativa_L\" target=\"_blank\">https:\/\/www.researchgate.net\/publication\/308929400_MANUAL_DE_PLAGAS_Y_ENFERMEDADES_DE_LA_ALFALFA_Medicago_sativa_L<\/a><\/p>\n","protected":false},"excerpt":{"rendered":"<p>Importancia En la mayor parte del mundo la roya afecta a la alfalfa, incidiendo en mayor grado en las regiones c\u00e1lidas. Por la severa defoliaci\u00f3n, las<span class=\"excerpt-hellip\"> [\u2026]<\/span><\/p>\n","protected":false},"author":4,"featured_media":3414,"comment_status":"open","ping_status":"open","sticky":false,"template":"","format":"standard","meta":{"ngg_post_thumbnail":0,"jetpack_post_was_ever_published":false,"_jetpack_newsletter_access":"","_jetpack_newsletter_tier_id":0,"footnotes":""},"categories":[47,109],"tags":[110,50,111],"acf":[],"jetpack_featured_media_url":"https:\/\/panorama-agro.com\/wp-content\/uploads\/2018\/11\/Uromyces-striatus.jpg","jetpack_sharing_enabled":true,"jetpack_shortlink":"https:\/\/wp.me\/p5Aau3-SZ","_links":{"self":[{"href":"https:\/\/panorama-agro.com\/index.php?rest_route=\/wp\/v2\/posts\/3409"}],"collection":[{"href":"https:\/\/panorama-agro.com\/index.php?rest_route=\/wp\/v2\/posts"}],"about":[{"href":"https:\/\/panorama-agro.com\/index.php?rest_route=\/wp\/v2\/types\/post"}],"author":[{"embeddable":true,"href":"https:\/\/panorama-agro.com\/index.php?rest_route=\/wp\/v2\/users\/4"}],"replies":[{"embeddable":true,"href":"https:\/\/panorama-agro.com\/index.php?rest_route=%2Fwp%2Fv2%2Fcomments&post=3409"}],"version-history":[{"count":3,"href":"https:\/\/panorama-agro.com\/index.php?rest_route=\/wp\/v2\/posts\/3409\/revisions"}],"predecessor-version":[{"id":3429,"href":"https:\/\/panorama-agro.com\/index.php?rest_route=\/wp\/v2\/posts\/3409\/revisions\/3429"}],"wp:featuredmedia":[{"embeddable":true,"href":"https:\/\/panorama-agro.com\/index.php?rest_route=\/wp\/v2\/media\/3414"}],"wp:attachment":[{"href":"https:\/\/panorama-agro.com\/index.php?rest_route=%2Fwp%2Fv2%2Fmedia&parent=3409"}],"wp:term":[{"taxonomy":"category","embeddable":true,"href":"https:\/\/panorama-agro.com\/index.php?rest_route=%2Fwp%2Fv2%2Fcategories&post=3409"},{"taxonomy":"post_tag","embeddable":true,"href":"https:\/\/panorama-agro.com\/index.php?rest_route=%2Fwp%2Fv2%2Ftags&post=3409"}],"curies":[{"name":"wp","href":"https:\/\/api.w.org\/{rel}","templated":true}]}}