{"id":3423,"date":"2018-11-29T18:35:42","date_gmt":"2018-11-30T01:35:42","guid":{"rendered":"https:\/\/panorama-agro.com\/?p=3423"},"modified":"2018-11-29T18:35:49","modified_gmt":"2018-11-30T01:35:49","slug":"roya-de-la-alfalfa-uromyces-striatus-2","status":"publish","type":"post","link":"https:\/\/panorama-agro.com\/?p=3423","title":{"rendered":"Viruela de las hojas en Alfalfa &#8211; Pseudopeziza  medicaginis"},"content":{"rendered":"\n<h4 class=\"wp-block-heading\">Importancia<\/h4>\n\n\n\n<p>Esta  enfermedad  generalmente  no  llega  a eliminar    a  las  plantas,  pero  la  defoliaci\u00f3n produce  una  p\u00e9rdida  de  vigor  y  reduce  el rendimiento del forraje, que llega hasta un 40%.<\/p>\n\n\n\n<h4 class=\"wp-block-heading\"> S\u00edntomas<\/h4>\n\n\n\n<p>En  las  hojas,  sobre  todo  las  inferiores,  se observan  manchas  peque\u00f1as,  circulares,  de color caf\u00e9  a  negro.  <\/p>\n\n\n\n<p>Las lesiones  completamente desarrolladas  tienen  un di\u00e1metro  de  1  &#8211;  3 mm, usualmente  no  coalescen  y  generalmente  se desarrolla  s\u00f3lo  en  las  hojas.  Las  lesiones marginales pueden ser dentadas. En el centro de una  lesi\u00f3n  madura  (ampolla)  se  observa  un cuerpo  fruct\u00edfero  (apotecios)  de  hasta  un mil\u00edmetro  de  di\u00e1metro  de  color  caf\u00e9  claro,  en forma  de  disco  elevado  y  con  m\u00e1rgenes definidos.  Las  hojas reci\u00e9n  infectadas  se tornan amarillentas  y  se  caen  conforme  progresa  la enfermedad<\/p>\n\n\n\n<h4 class=\"wp-block-heading\">Agente causal<\/h4>\n\n\n\n<p>Esta enfermedad es causada por el hongo <em>Pseudopeziza medicaginis<\/em>. Produce  un  solo  apotecio  que  emerge  de  la epidermis. Las ascas claviformes miden de   50 &#8211; 70  x  10  micras,  siendo  los  parafisos  entre  las ascas  m\u00e1s grandes  que  estas.  Las  ascosporas son  hialinas  de ovales  a oblongas,  no  septadas  y  miden  aproximadamente 8  -12  x 5  micras. La fase asexual no se presenta.<\/p>\n\n\n\n<h4 class=\"wp-block-heading\">Ciclo de la enfermedad y epidemiologia<\/h4>\n\n\n\n<p>EI  hongo  inverna  sobre  las  hojas  en descomposici\u00f3n  y sobre  fragmentos  de  hojas  y en  la  superficie del  suelo.  Cuando  el  tiempo es c\u00e1lido y la  humedad  es adecuada en primavera, las  ascosporas  se  desarrollan  y  se  liberan (usualmente  en  pares)  en  el  aire  y  sobre  las hojas  de  la  planta,  atacando  primero  las  hojas inferiores. Las ascosporas del in\u00f3culo secundario provienen  de  hojas  infectadas  de  la  planta.  La incidencia  de  la enfermedad  decrece  durante  la \u00e9poca seca (verano) y retorna en oto\u00f1o.<\/p>\n\n\n\n<h4 class=\"wp-block-heading\"> Control<\/h4>\n\n\n\n<p> Esta  enfermedad  raramente  afecta  la persistencia o la muerte del cultivo, aunque no se han  identificado  variedades  resistentes.  Es posible cosechar  antes de  la  ca\u00edda  de  las hojas para remover el in\u00f3culo y salvar las hojas sanas. EI  control  con  fungicidas  es  posible  usando oxicloruro de cobre en polvo (2-4 kg\/ha) y puede ser prioritario y ben\u00e9fico cuando el objetivo sea la producci\u00f3n de semilla.<br><\/p>\n\n\n\n<h4 class=\"wp-block-heading\">Taxonom\u00eda<\/h4>\n\n\n\n<ul><li><strong>Reino:<\/strong>    Fungi<\/li><li><strong>Phylum:<\/strong>    Ascomycota<\/li><li><strong>Clase:<\/strong>    Leotiomycetes<\/li><li><strong>Subclase:<\/strong>    Leotiomycetidae<\/li><li><strong>Orden:<\/strong>    Helotiales<\/li><li><strong>Familia:<\/strong>    Dermateaceae<\/li><li><strong>G\u00e9nero:<\/strong>    Pseudopeziza<\/li><li><strong>Especie:<\/strong>    P. medicaginis<\/li><\/ul>\n\n\n\n<h4 class=\"wp-block-heading\">Fuente<\/h4>\n\n\n\n<p>\n\nManual de plagas y Enfermedades de la Alfalfa (Medicago sativa L.).&nbsp;<a href=\"https:\/\/www.researchgate.net\/publication\/308929400_MANUAL_DE_PLAGAS_Y_ENFERMEDADES_DE_LA_ALFALFA_Medicago_sativa_L\" target=\"_blank\" rel=\"noreferrer noopener\">https:\/\/www.researchgate.net\/publication\/308929400_MANUAL_DE_PLAGAS_Y_ENFERMEDADES_DE_LA_ALFALFA_Medicago_sativa_L<\/a><\/p>\n","protected":false},"excerpt":{"rendered":"<p>Importancia Esta enfermedad generalmente no llega a eliminar a las plantas, pero la defoliaci\u00f3n produce una p\u00e9rdida de vigor y reduce el rendimiento del forraje, que<span class=\"excerpt-hellip\"> [\u2026]<\/span><\/p>\n","protected":false},"author":4,"featured_media":3424,"comment_status":"open","ping_status":"open","sticky":false,"template":"","format":"standard","meta":{"ngg_post_thumbnail":0,"jetpack_post_was_ever_published":false,"_jetpack_newsletter_access":"","_jetpack_newsletter_tier_id":0,"footnotes":""},"categories":[47,109],"tags":[110,50,111],"acf":[],"jetpack_featured_media_url":"https:\/\/panorama-agro.com\/wp-content\/uploads\/2018\/11\/Pseudopeziza-medicaginis.jpg","jetpack_sharing_enabled":true,"jetpack_shortlink":"https:\/\/wp.me\/p5Aau3-Td","_links":{"self":[{"href":"https:\/\/panorama-agro.com\/index.php?rest_route=\/wp\/v2\/posts\/3423"}],"collection":[{"href":"https:\/\/panorama-agro.com\/index.php?rest_route=\/wp\/v2\/posts"}],"about":[{"href":"https:\/\/panorama-agro.com\/index.php?rest_route=\/wp\/v2\/types\/post"}],"author":[{"embeddable":true,"href":"https:\/\/panorama-agro.com\/index.php?rest_route=\/wp\/v2\/users\/4"}],"replies":[{"embeddable":true,"href":"https:\/\/panorama-agro.com\/index.php?rest_route=%2Fwp%2Fv2%2Fcomments&post=3423"}],"version-history":[{"count":4,"href":"https:\/\/panorama-agro.com\/index.php?rest_route=\/wp\/v2\/posts\/3423\/revisions"}],"predecessor-version":[{"id":3428,"href":"https:\/\/panorama-agro.com\/index.php?rest_route=\/wp\/v2\/posts\/3423\/revisions\/3428"}],"wp:featuredmedia":[{"embeddable":true,"href":"https:\/\/panorama-agro.com\/index.php?rest_route=\/wp\/v2\/media\/3424"}],"wp:attachment":[{"href":"https:\/\/panorama-agro.com\/index.php?rest_route=%2Fwp%2Fv2%2Fmedia&parent=3423"}],"wp:term":[{"taxonomy":"category","embeddable":true,"href":"https:\/\/panorama-agro.com\/index.php?rest_route=%2Fwp%2Fv2%2Fcategories&post=3423"},{"taxonomy":"post_tag","embeddable":true,"href":"https:\/\/panorama-agro.com\/index.php?rest_route=%2Fwp%2Fv2%2Ftags&post=3423"}],"curies":[{"name":"wp","href":"https:\/\/api.w.org\/{rel}","templated":true}]}}