{"id":3459,"date":"2018-12-10T11:07:21","date_gmt":"2018-12-10T18:07:21","guid":{"rendered":"https:\/\/panorama-agro.com\/?p=3459"},"modified":"2019-02-19T20:15:21","modified_gmt":"2019-02-20T03:15:21","slug":"hay-esperanza-para-el-agro","status":"publish","type":"post","link":"https:\/\/panorama-agro.com\/?p=3459","title":{"rendered":"Hay Esperanza para el Agro"},"content":{"rendered":"\n<h4 class=\"wp-block-heading\">En la pr\u00f3xima administraci\u00f3n federal la agricultura tiene que ser revalorada y el productor debe recibir un pago justo por su cosecha, dice el presidente de AARFS.<\/h4>\n\n\n\n<p style=\"text-align:center\"><em>-Por Gregorio Reyes Figueroa-<\/em><\/p>\n\n\n\n<p>El rezago en el precio de las cosechas agr\u00edcolas es tan grave que en el caso del ma\u00edz, el productor ha recibido casi el mismo precio por tonelada, en promedio en los \u00faltimos 5 a\u00f1os, mientras los costos de producci\u00f3n se han disparado en 109%, m\u00e1s del doble, en la \u00faltima d\u00e9cada, de acuerdo con el an\u00e1lisis de costos que cada a\u00f1o actualiza la SAGARPA.<br><\/p>\n\n\n\n<p>En 2008 el costo de producci\u00f3n por hect\u00e1rea de ma\u00edz fue de $ 15,193 y para el 2018 creci\u00f3 a $ 31,861, mientras el precio medio rural en las mismas fechas fue de $ 2,750 y $ 3,950 por tonelada, respectivamente. Es decir, los costos crecieron m\u00e1s del doble, pero el precio subi\u00f3 s\u00f3lo un 43% en 10 a\u00f1os consecutivos.<br><\/p>\n\n\n\n<p>A pesar de esa realidad, hay esperanza en un futuro mejor para la agricultura, dice Vinicio Montiel Ibarra, presidente de AARFS, A.C., el m\u00e1ximo organismo representativo de los agricultores.<br><\/p>\n\n\n\n<h5 class=\"wp-block-heading\">\u00bfC\u00f3mo ha logrado sobrevivir el productor de granos en esa condici\u00f3n tan adversa?.<br><\/h5>\n\n\n\n<p>Vinicio Montiel lo explica as\u00ed: Mantenernos en la actividad ha sido producto de un esfuerzo sostenido, usando mejores h\u00edbridos, ajustando fechas, densidades y m\u00e9todos de siembra, mejores dosis de fertilizaci\u00f3n y control de plagas y enfermedades. En una d\u00e9cada, hemos logrado subir los rendimientos por hect\u00e1rea en un 23%, ya que en 2008 produc\u00edamos en promedio 8.95 toneladas por hect\u00e1rea y para la temporada reciente, rebasamos las 11 toneladas por hect\u00e1rea. Quienes producen m\u00e1s del promedio tienen utilidades, pero quienes cosechan menos, o est\u00e1n en punto de equilibrio o pierden, asegura.<br><\/p>\n\n\n\n<p>Y subraya:<br>Lamentablemente la ganancia de rendimiento no se traduce en m\u00e1s utilidad para el productor como se supone deber\u00eda ser,  por la mayor inversi\u00f3n que hace y los riesgos que corre; obtener m\u00e1s toneladas por hect\u00e1rea s\u00f3lo ha servido para compensar el incremento de costos, pero los m\u00e1rgenes de ganancia en la agricultura, vista como cualquier otro negocio, han venido cayendo.<br><\/p>\n\n\n\n<p>Agrega que a pesar de los programas de apoyo a la actividad, la situaci\u00f3n econ\u00f3mica del productor promedio sigue siendo precaria y si antes pod\u00eda vivir de su trabajo en el campo, ahora tiene que agregarle otras actividades para complementar el ingreso.<br><\/p>\n\n\n\n<p>\u00bfC\u00f3mo le fue a la agricultura en el sexenio que est\u00e1 por concluir?.<br>Por decirlo de una manera, hemos logrado sobrevivir. La inmensa mayor\u00eda de los productores nos hemos especializado en la producci\u00f3n de ma\u00edz, el cultivo m\u00e1s importante en superficie sembrada, al punto en que somos la regi\u00f3n de M\u00e9xico que tiene los rendimientos por hect\u00e1rea m\u00e1s altos. A\u00f1o con a\u00f1o superamos nuestras propias metas, pero nunca vimos reciprocidad del gobierno en est\u00edmulos reales, de acuerdo al esfuerzo que hacemos.<br>En el papel, los apoyos que se dieron a los productores de Sinaloa fueron extraordinarios, al punto en que nos confrontaron con productores de otras regiones porque creen que nos llevamos la mayor parte de la bolsa de subsidios; en los hechos, las reglas de operaci\u00f3n de los programas de apoyo se convirtieron en una pesadilla porque el agricultor sabe trabajar la tierra pero no es ni experto en finanzas ni en tr\u00e1mites burocr\u00e1ticos.<br><\/p>\n\n\n\n<p>El mejor ejemplo de esto es que todav\u00eda tenemos agricultores socios de nuestro organismo a quienes aun no les pagan est\u00edmulos de dos cosechas pasadas.<br><\/p>\n\n\n\n<p>En esas condiciones, ning\u00fan apoyo sirve porque ante su tardanza, el productor tiene que conseguir dinero caro porque las plantas no esperan y un retraso en la preparaci\u00f3n del terreno, la siembra, el riego, la fertilizaci\u00f3n o el combate de una plaga o enfermedad pueden acabar con tu patrimonio en una sola temporada. Y si el apoyo no llega tienes que recurrir a cr\u00e9ditos de banco, prestamistas privados o casas de empe\u00f1o para seguir adelante y atender tus cultivos.<br><\/p>\n\n\n\n<p>Los excesivos tr\u00e1mites burocr\u00e1ticos y la corrupci\u00f3n en la aplicaci\u00f3n de programas de soporte a la agricultura nos han dejado un muy mal sabor de boca.<br><\/p>\n\n\n\n<h5 class=\"wp-block-heading\">\u00bfQue esperan de la pr\u00f3xima administraci\u00f3n?.<br><\/h5>\n\n\n\n<p>El agricultor que est\u00e1 metido en la agricultura porque es su pasi\u00f3n, porque ama su trabajo y valora su tierra no va a abandonar la actividad por falta de ayuda del gobierno. Nosotros estamos acostumbrados a luchar con las adversidades y sabemos que en el campo hay temporadas buenas, otras no tan buenas y otras malas, desde el punto de vista del clima y la cantidad de la cosecha, pero es un hecho que necesitamos que el gobierno haga su parte.<br><\/p>\n\n\n\n<p>Requerimos un \u00e1rbitro justo que procure una relaci\u00f3n equilibrada a lo largo de la cadena productiva, donde participa el proveedor de insumos, el agricultor, nuestros trabajadores, el financiero, el asegurador agr\u00edcola, el acopiador y el comprador o consumidor final.<br><\/p>\n\n\n\n<p>Si no hay alguien que ponga orden, la agricultura va a ser un negocio donde las mayores utilidades se las llevan quienes no se ensucian las manos ni los zapatos.<br><\/p>\n\n\n\n<p>Lo que hemos escuchado del Dr. V\u00edctor Villalobos, nominado como pr\u00f3ximo secretario de Agricultura en cuanto a los programas que se pondr\u00e1n en marcha en el gobierno del Lic. Andr\u00e9s Manuel L\u00f3pez Obrador, es un aliento de que a la cabeza de esta dependencia estar\u00e1 una persona que conoce la agricultura, particularmente la agricultura comercial que se hace en Sinaloa, donde necesitamos un trato diferente a los productores de subsistencia.<br><\/p>\n\n\n\n<p>Hablar de soberan\u00eda alimentaria y de producir los alimentos que necesitamos, dejando de depender tanto de la importaci\u00f3n de granos es un buen s\u00edntoma de que la pol\u00edtica al campo va a cambiar, que nuestra agricultura ser\u00e1 revalorada y que habr\u00e1 m\u00e1s certidumbre para quienes producimos alimentos.<br><\/p>\n\n\n\n<p>Creo que llegar\u00e1 el momento en que tendremos que sentarnos a la mesa con el gobierno y plantear nuestras inquietudes y tengo confianza en que nuestras iniciativas y propuestas van a ser escuchadas. Veo un panorama m\u00e1s esperanzador para la agricultura mexicana que no significa cerrarnos a los mercados internacionales pero s\u00ed hacer un esfuerzo por mejorar el abasto interno en lugar de importar. Eso para nosotros es un gran aliciente.<br><\/p>\n\n\n\n<h5 class=\"wp-block-heading\">\u00bfY qu\u00e9 les dice a los agricultores en este inicio de temporada?.<br><\/h5>\n\n\n\n<p>Que estemos atentos a los cambios que seguramente empujar\u00e1 el nuevo gobierno. Que no dejemos de hacer la parte que nos toca en la producci\u00f3n agr\u00edcola, pero sobre todo, que tengan la certeza que su organizaci\u00f3n, la AARFS, seguir\u00e1 siendo su voz ante las instancias gubernamentales y los mercados nacionales e internacionales. Unidos, somos m\u00e1s fuertes.<br>Mis mejores deseos de \u00e9xito en este nuevo ciclo agr\u00edcola.<\/p>\n","protected":false},"excerpt":{"rendered":"<p>En la pr\u00f3xima administraci\u00f3n federal la agricultura tiene que ser revalorada y el productor debe recibir un pago justo por su cosecha, dice el presidente de<span class=\"excerpt-hellip\"> [\u2026]<\/span><\/p>\n","protected":false},"author":4,"featured_media":3460,"comment_status":"open","ping_status":"open","sticky":false,"template":"","format":"standard","meta":{"ngg_post_thumbnail":0,"jetpack_post_was_ever_published":false,"_jetpack_newsletter_access":"","_jetpack_newsletter_tier_id":0,"footnotes":""},"categories":[113],"tags":[],"acf":[],"jetpack_featured_media_url":"https:\/\/panorama-agro.com\/wp-content\/uploads\/2018\/12\/VINICIO-p-2.jpg","jetpack_sharing_enabled":true,"jetpack_shortlink":"https:\/\/wp.me\/p5Aau3-TN","_links":{"self":[{"href":"https:\/\/panorama-agro.com\/index.php?rest_route=\/wp\/v2\/posts\/3459"}],"collection":[{"href":"https:\/\/panorama-agro.com\/index.php?rest_route=\/wp\/v2\/posts"}],"about":[{"href":"https:\/\/panorama-agro.com\/index.php?rest_route=\/wp\/v2\/types\/post"}],"author":[{"embeddable":true,"href":"https:\/\/panorama-agro.com\/index.php?rest_route=\/wp\/v2\/users\/4"}],"replies":[{"embeddable":true,"href":"https:\/\/panorama-agro.com\/index.php?rest_route=%2Fwp%2Fv2%2Fcomments&post=3459"}],"version-history":[{"count":2,"href":"https:\/\/panorama-agro.com\/index.php?rest_route=\/wp\/v2\/posts\/3459\/revisions"}],"predecessor-version":[{"id":3462,"href":"https:\/\/panorama-agro.com\/index.php?rest_route=\/wp\/v2\/posts\/3459\/revisions\/3462"}],"wp:featuredmedia":[{"embeddable":true,"href":"https:\/\/panorama-agro.com\/index.php?rest_route=\/wp\/v2\/media\/3460"}],"wp:attachment":[{"href":"https:\/\/panorama-agro.com\/index.php?rest_route=%2Fwp%2Fv2%2Fmedia&parent=3459"}],"wp:term":[{"taxonomy":"category","embeddable":true,"href":"https:\/\/panorama-agro.com\/index.php?rest_route=%2Fwp%2Fv2%2Fcategories&post=3459"},{"taxonomy":"post_tag","embeddable":true,"href":"https:\/\/panorama-agro.com\/index.php?rest_route=%2Fwp%2Fv2%2Ftags&post=3459"}],"curies":[{"name":"wp","href":"https:\/\/api.w.org\/{rel}","templated":true}]}}