{"id":3467,"date":"2018-12-10T12:17:49","date_gmt":"2018-12-10T19:17:49","guid":{"rendered":"https:\/\/panorama-agro.com\/?p=3467"},"modified":"2019-02-19T20:14:43","modified_gmt":"2019-02-20T03:14:43","slug":"victor-villalobos-a-la-secretaria-de-agricultura-una-nueva-vision-al-campo","status":"publish","type":"post","link":"https:\/\/panorama-agro.com\/?p=3467","title":{"rendered":"V\u00edctor Villalobos a la Secretar\u00eda de Agricultura, una nueva visi\u00f3n al campo"},"content":{"rendered":"\n<p>V\u00edctor Villalobos, nombrado secretario de Agricultura de la pr\u00f3xima administraci\u00f3n federal, est\u00e1 convencido de que al campo le urge una aut\u00e9ntica reforma que implique dar certidumbre al productor de mediana y gran escala, apoyar al que s\u00f3lo produce para autoconsumo y establecer una red de acopio y distribuci\u00f3n que reduzca la dependencia del intermediarismo que afecta principalmente al productor de bajos ingresos.<br><\/p>\n\n\n\n<p>Sobre todo, mantener los programas de apoyo eficientes y garantizar su entrega oportuna, a trav\u00e9s de oficinas regionales, una de las cuales estar\u00e1 en Cd. Obreg\u00f3n, Sonora.<br><\/p>\n\n\n\n<p>En virtud de que su designaci\u00f3n se dio mucho antes de la elecci\u00f3n del 2 de julio, tuvo la oportunidad de recorrer las diferentes zonas agr\u00edcolas del pa\u00eds y conocer de viva voz de los productores agr\u00edcolas su principal problem\u00e1tica, la que ofrece abordar a partir de que entre en funciones el pr\u00f3ximo gobierno.<br><\/p>\n\n\n\n<p>Explica que los programas espec\u00edficos que van a empezar a operar son propiamente cinco: <br><\/p>\n\n\n\n<ul><li>El programa para la seguridad alimentaria, que implica el establecimiento de los precios de garant\u00eda para cuatro cultivos b\u00e1sicos: ma\u00edz, frijol, arroz y trigo. Para este tema se tiene ya un presupuesto definido y un esquema de operaci\u00f3n.<\/li><li>Un programa para fertilizantes. En marzo arranca la operaci\u00f3n de tres plantas en el pa\u00eds para producir fertilizantes nitrogenados. La idea es operarlas a trav\u00e9s de la proveedur\u00eda de gas y de amon\u00edaco de PEMEX. <\/li><li>La fusi\u00f3n de Diconsa y Liconsa, para crear la empresa Segalmex, \u201cSeguridad alimentaria mexicana\u201d, en la que se acopiar\u00e1n los cuatro cultivos b\u00e1sicos y leche mexicana. Tambi\u00e9n esa empresa va a distribuir el fertilizante y la semilla mejorada.<\/li><li>Un programa de cr\u00e9dito a la palabra para la ganader\u00eda de peque\u00f1os ganaderos. Un programa que les permita acceder a fondos, recursos y cr\u00e9ditos para adquirir vaquillas y sementales para mejorar e incrementar sus hatos ganaderos.<\/li><li>Un proyecto piloto para los ca\u00f1eros de Veracruz, que va a estar orientado al incremento de la producci\u00f3n de ca\u00f1a, al mejoramiento de la productividad y la tecnolog\u00eda. La idea es que los productores tengan un precio justo por su ca\u00f1a, un esquema para aspirar a un incremento de sus ingresos con mayores producciones. <\/li><li><\/li><\/ul>\n\n\n\n<p>\u201cEstos cinco grandes temas no omiten la agenda regular que debe llevar la secretar\u00eda, pero vamos a enfocar una energ\u00eda importante a estos cinco temas. Ahora que estamos hablando de seguridad alimentaria se va a trabajar una canasta b\u00e1sica que va a ser responsabilidad de Segalmex y va a incorporar productos del mar, espec\u00edficamente sardinas y at\u00fan\u201d. <br><\/p>\n\n\n\n<p>Y sobre c\u00f3mo se van a implementar estas primeras pol\u00edticas, Villalobos comenta: \u201cVamos a aprovechar la infraestructura que existe. En temas de normatividad y reglas de operaci\u00f3n van a ser mucho m\u00e1s sencillas, m\u00e1s \u00e1giles y m\u00e1s entendibles para nuestra gente y eso, desde el punto de vista legal ya est\u00e1 siendo analizado por nuestros auditores legales jur\u00eddicos, de modo que cuando empecemos el a\u00f1o vamos a tener todo este andamiaje listo, as\u00ed como todo el presupuesto disponible para este ejercicio de la implementaci\u00f3n de esos cinco programas\u201d.<br><\/p>\n\n\n\n<p>Acerca del presupuesto y c\u00f3mo se reorientar\u00e1, explica: \u201cen t\u00e9rminos generales los programas que ahorita est\u00e1n destinados a proyectos asistenciales van a ser reorientados porque est\u00e1n operando de una forma muy ineficiente. Entonces programas, as\u00ed como se han venido ejerciendo, no los vamos a apoyar ni mucho menos a mantener. Tenemos, eso s\u00ed, que garantizar que los recursos lleguen directamente a los productores, en una forma eficiente y siempre, esto es muy importante, asociados o vinculados con los ciclos agr\u00edcolas, no con los tiempos burocr\u00e1ticos. Porque lo que ha venido ocurriendo es que se asignan los recursos cuando ya la gente est\u00e1 cosechando y el recurso estaba orientado para la fertilizaci\u00f3n o para la compra de la semilla, entonces no tiene sentido\u201d.<br><\/p>\n\n\n\n<p>Villalobos asegura que como secretario va a andar trabajando, a darle al suelo con los campesinos, con los productores. \u201cVamos a dividir el territorio nacional en cinco regiones. Estas regiones vamos a atenderlas de forma mucho m\u00e1s eficiente porque estaremos considerando las vocaciones de cada regi\u00f3n. Vamos a establecer delegaciones regionales con capacidad t\u00e9cnica e infraestructura para ser m\u00e1s eficientes en la entrega de los recursos, el acompa\u00f1amiento y en la extensi\u00f3n agr\u00edcola\u201d.<br><\/p>\n\n\n\n<p>Las cinco regiones son: el noroeste, con oficina regional en Ciudad Obreg\u00f3n; el noreste, con oficina posiblemente en Coahuila; el occidente, que tendr\u00e1 incidencia en los estados del Baj\u00edo y posiblemente la oficina regional se encuentre en Jalisco o Guanajuato; la regi\u00f3n de los Valles Altos, donde tendremos a los estados de la parte central, con oficina regional en Tlaxcala. Y finalmente el sur-sureste, zona que requiere muchos recursos e infraestructura, cuya oficina estar\u00e1 en Chiapas.<\/p>\n\n\n\n<h3 class=\"wp-block-heading\">\u00bfQui\u00e9n es V\u00edctor Villalobos?<\/h3>\n\n\n\n<p>V\u00edctor M. Villalobos es Ingeniero Agr\u00f3nomo por la Escuela Nacional de Agricultura de Chapingo, tiene una maestr\u00eda en Ciencias en Gen\u00e9tica Vegetal por el Colegio de Postgraduados de Chapingo, y un doctorado de Morfog\u00e9nesis Vegetal en la Universidad de Calgary, Canad\u00e1.<br><\/p>\n\n\n\n<p>Villalobos se ha especializado en temas de agricultura y de recursos naturales y gen\u00e9ticos. Ha sido profesor, investigador, director de investigaci\u00f3n, funcionario internacional, funcionario gubernamental, administrador, negociador y l\u00edder de grupos multidisciplinarios de an\u00e1lisis y decisi\u00f3n.<br><\/p>\n\n\n\n<p>Como funcionario p\u00fablico, ha fungido como Subsecretario de Recursos Naturales de la Secretar\u00eda de Medio Ambiente, Recursos Naturales y Pesca (SEMARNAP) y como Subsecretario de Agricultura de la Secretar\u00eda de Agricultura, Ganader\u00eda, Desarrollo Rural, Pesca y Alimentaci\u00f3n (SAGARPA). <\/p>\n\n\n\n<p>En 1995, fue designado Director del CINVESTAV, Unidad Irapuato y en 1998, fue tambi\u00e9n nombrado a nivel presidencial, como el primer Secretario Ejecutivo de la Comisi\u00f3n Intersecretarial de Organismos Gen\u00e9ticamente Modificados (CIBIOGEM).<br><\/p>\n\n\n\n<p>Se desempe\u00f1\u00f3 como Director de la Divisi\u00f3n de Agricultura (1986-1990) del Centro Agron\u00f3mico Tropical de Investigaci\u00f3n y Ense\u00f1anza (CATIE), donde fungi\u00f3 como Director (1990-1995). Tambi\u00e9n fue Presidente de la Junta Directiva (1999-2003) del CATIE.<br><\/p>\n\n\n\n<p>Se ha desempe\u00f1ado como profesor en los programas de licenciatura, maestr\u00eda y doctorado de la Universidad Aut\u00f3noma de Chapingo (UACH), el Colegio de Postgraduados (COLPOS) y el Centro de Investigaci\u00f3n y Estudios Avanzados del Instituto Polit\u00e9cnico Nacional (CINVESTAV).<br><\/p>\n\n\n\n<p>A nivel internacional, ha dictado c\u00e1tedra en el CATIE y ha impartido cursos especializados en Argentina, Austria, Colombia, Costa Rica, Chile, Ecuador, Jordania, Ir\u00e1n y Venezuela, entre otros pa\u00edses.<br><\/p>\n\n\n\n<p>Es miembro de la Real Academia Sueca de Agricultura y Silvicultura desde 2004. Tambi\u00e9n ha sido miembro del grupo asesor de alto nivel del Grupo Consultivo para la Investigaci\u00f3n Agr\u00edcola Internacional (CGIAR), miembro de la Comisi\u00f3n de Ciencia y Tecnolog\u00eda del Consejo Nacional de Ciencia y Tecnolog\u00eda (CONACYT) de M\u00e9xico y miembro del Instituto de la Universidad de California para M\u00e9xico y los Estados Unidos (UCMexus).<br><\/p>\n\n\n\n<p>Asumi\u00f3 el cargo como d\u00e9cimo Director General del Instituto Interamericano de Cooperaci\u00f3n para la Agricultura (IICA), el 15 de enero de 2010 en su Sede Central, ubicada en Costa Rica. En septiembre del 2013, la Junta Interamericana de Agricultura (JIA), m\u00e1xima autoridad del Instituto, lo reeligi\u00f3 para un segundo periodo (2014-2018) al frente del IICA.<br><\/p>\n\n\n\n<p>En 2015, en La Paz, Bolivia, recibi\u00f3 la distinci\u00f3n como Miembro Colegiado Honor\u00edfico y Honor al M\u00e9rito \u201cEspiga Dorada\u201d por sus servicios distinguidos a la agropecuaria nacional del Colegio de Ingenieros Agr\u00f3nomos y Profesionales en Ciencias Agropecuarias de Bolivia CIAB.<\/p>\n","protected":false},"excerpt":{"rendered":"<p>V\u00edctor Villalobos, nombrado secretario de Agricultura de la pr\u00f3xima administraci\u00f3n federal, est\u00e1 convencido de que al campo le urge una aut\u00e9ntica reforma que implique dar certidumbre<span class=\"excerpt-hellip\"> [\u2026]<\/span><\/p>\n","protected":false},"author":4,"featured_media":3474,"comment_status":"open","ping_status":"open","sticky":false,"template":"","format":"standard","meta":{"ngg_post_thumbnail":0,"jetpack_post_was_ever_published":false,"_jetpack_newsletter_access":"","_jetpack_newsletter_tier_id":0,"footnotes":""},"categories":[113],"tags":[],"acf":[],"jetpack_featured_media_url":"https:\/\/panorama-agro.com\/wp-content\/uploads\/2018\/12\/Victor-Villalobos.jpg","jetpack_sharing_enabled":true,"jetpack_shortlink":"https:\/\/wp.me\/p5Aau3-TV","_links":{"self":[{"href":"https:\/\/panorama-agro.com\/index.php?rest_route=\/wp\/v2\/posts\/3467"}],"collection":[{"href":"https:\/\/panorama-agro.com\/index.php?rest_route=\/wp\/v2\/posts"}],"about":[{"href":"https:\/\/panorama-agro.com\/index.php?rest_route=\/wp\/v2\/types\/post"}],"author":[{"embeddable":true,"href":"https:\/\/panorama-agro.com\/index.php?rest_route=\/wp\/v2\/users\/4"}],"replies":[{"embeddable":true,"href":"https:\/\/panorama-agro.com\/index.php?rest_route=%2Fwp%2Fv2%2Fcomments&post=3467"}],"version-history":[{"count":2,"href":"https:\/\/panorama-agro.com\/index.php?rest_route=\/wp\/v2\/posts\/3467\/revisions"}],"predecessor-version":[{"id":3475,"href":"https:\/\/panorama-agro.com\/index.php?rest_route=\/wp\/v2\/posts\/3467\/revisions\/3475"}],"wp:featuredmedia":[{"embeddable":true,"href":"https:\/\/panorama-agro.com\/index.php?rest_route=\/wp\/v2\/media\/3474"}],"wp:attachment":[{"href":"https:\/\/panorama-agro.com\/index.php?rest_route=%2Fwp%2Fv2%2Fmedia&parent=3467"}],"wp:term":[{"taxonomy":"category","embeddable":true,"href":"https:\/\/panorama-agro.com\/index.php?rest_route=%2Fwp%2Fv2%2Fcategories&post=3467"},{"taxonomy":"post_tag","embeddable":true,"href":"https:\/\/panorama-agro.com\/index.php?rest_route=%2Fwp%2Fv2%2Ftags&post=3467"}],"curies":[{"name":"wp","href":"https:\/\/api.w.org\/{rel}","templated":true}]}}