{"id":3548,"date":"2019-02-19T20:22:46","date_gmt":"2019-02-20T03:22:46","guid":{"rendered":"https:\/\/panorama-agro.com\/?p=3548"},"modified":"2019-04-10T19:48:57","modified_gmt":"2019-04-11T01:48:57","slug":"impulso-a-la-investigacion-credito-y-fertilizante-mas-barato-la-promesa","status":"publish","type":"post","link":"https:\/\/panorama-agro.com\/?p=3548","title":{"rendered":"Impulso a la investigaci\u00f3n, cr\u00e9dito y fertilizante m\u00e1s barato, la promesa"},"content":{"rendered":"\n<p style=\"text-align:center\"><em>-Por Gregorio Reyes Figueroa-<\/em><\/p>\n\n\n\n<p>Reducir la dependencia alimentaria del exterior, a trav\u00e9s de fomentar la producci\u00f3n interna apoyando a los productores de menores ingresos, pero acompa\u00f1ando a los productores comerciales para obtener mejores precios por sus cosechas, con cr\u00e9ditos y fertilizantes qu\u00edmicos m\u00e1s baratos, es la estrategia que la Secretar\u00eda de Agricultura y Desarrollo Rural empezar\u00e1 a impulsar a partir de 2019<\/p>\n\n\n\n<p>As\u00ed lo sostiene el Dr. V\u00edctor Villalobos, titular de la dependencia responsable de impulsar la producci\u00f3n agr\u00edcola pecuaria y forestal en M\u00e9xico, durante los pr\u00f3ximos seis a\u00f1os, quien en entrevista exclusiva con Panorama-Agro.com, hace una s\u00edntesis de lo que ser\u00e1n las principales acciones y metas de esa dependencia federal.<br><\/p>\n\n\n\n<h4 class=\"wp-block-heading\">Aqu\u00ed la entrevista:<br><\/h4>\n\n\n\n<p><em><strong>Despu\u00e9s de haber recorrido el pa\u00eds y dialogar con productores agr\u00edcolas de todos los niveles y estratos econ\u00f3micos. \u00bfQu\u00e9 opini\u00f3n le merece la situaci\u00f3n que vive el campo mexicano? <\/strong><\/em><br><\/p>\n\n\n\n<p>En todos los niveles hay una gran expectativa respecto a los cambios que se han de hacer en el nuevo gobierno. Tambi\u00e9n hay una clara queja por la ineficiencia y un exceso de burocracia y eso es parte de lo que he venido recogiendo de la opini\u00f3n de los productores de diferentes niveles, con grandes extensiones y tecnolog\u00eda, medianos, peque\u00f1os y un elemento  que surge de las peticiones para la nueva administraci\u00f3n tiene mucho que ver con la certidumbre. Nos han dicho, lo que queremos es que nos den certidumbre respecto al pago de nuestras cosechas, que sean pagos transparentes y oportunos, es un poco la percepci\u00f3n que tengo.<\/p>\n\n\n\n<p><strong><em>De los problemas que ha detectado particularmente en la zona noroeste, donde se practica una agricultura comercial y empresarial. \u00bfCu\u00e1les considera que ameritan el tratamiento m\u00e1s apremiante? <\/em><\/strong><br><\/p>\n\n\n\n<p>Son dos cosas, una los precios y otra tiene mucho que ver con un programa de reconversi\u00f3n productiva, porque tenemos una excelente producci\u00f3n en granos, pero tambi\u00e9n tenemos que pensar en una diversificaci\u00f3n sobre todo en aquellos cultivos que tienen menos demanda de agua. Ah\u00ed tendr\u00edamos que ir armando paquetes tecnol\u00f3gicos para ir sustituyendo, por ejemplo el ma\u00edz en el caso de Sinaloa, por otros cultivos que demanden menos agua pero que sean igualmente redituables. Eso tendr\u00eda que ir acompa\u00f1ado de un paquete tecnol\u00f3gico. Estamos hablando de acceso a las semillas, tecnolog\u00eda, maquinaria, etc.  El objetivo central es que vamos a irle reduciendo la dependencia a la importaci\u00f3n de granos.    <br><\/p>\n\n\n\n<p><strong><em>A Sinaloa se le ha acusado de quedarse con la mayor parte de los presupuestos de subsidios federales y est\u00edmulos a la comercializaci\u00f3n. \u00bfCu\u00e1l va a ser el enfoque en el trato a los agricultores de Sinaloa?.<\/em><\/strong><br><\/p>\n\n\n\n<p>No quisiera generalizar en un estado en particular. Tenemos diferentes tipos de agricultura por sus diferentes vocaciones, el noroeste ha destacado por su eficiencia en la producci\u00f3n y alto rendimiento,  tecnolog\u00eda, etc., y eso se tiene que seguir promoviendo, pero a trav\u00e9s de un esquema que le d\u00e9 certidumbre por un lado pero por otro ir viendo c\u00f3mo vamos a ir acompa\u00f1ando a los grandes productores, a los productores exitosos hacia un mercado mucho m\u00e1s transparente, mucho m\u00e1s \u00e1gil. Hay que reconocerlo que tienen necesidades diferentes, y vamos a ir haciendo alianzas con ellos para ir buscando soluciones, y sobre todo la mejora en la producci\u00f3n y en los ingresos. Tendremos la disponibilidad del di\u00e1logo para ir buscando soluciones juntos, no es f\u00e1cil, en el sentido que dependemos de los precios internacionales, de que tampoco hay los instrumentos que permitan una negociaci\u00f3n mucho m\u00e1s favorable por limitaciones presupuestales. Lo que puedo anticipar, siempre estaremos a la conversaci\u00f3n, yo celebro que haya este tipo de productores y esos rendimientos que est\u00e1n a la altura de cualquier pa\u00eds altamente certificado. <br><\/p>\n\n\n\n<p><strong><em>El presidente habl\u00f3 en campa\u00f1a de precios de garant\u00eda a las cosechas. \u00bfRealmente van?.<\/em><\/strong><br><\/p>\n\n\n\n<p>Los precios de garant\u00eda, est\u00e1n destinados para muy peque\u00f1os productores y yo dir\u00eda que es un programa m\u00e1s de \u00edndole social, es para sacar de la extrema pobreza a los peque\u00f1os productores hasta de cinco hect\u00e1reas en cuatro cultivos fundamentales, ma\u00edz, frijol, trigo harinero y arroz, en cuatro productos, de los cuales dependemos o hemos venido dependiendo de la importaci\u00f3n. Estos peque\u00f1os productores obtienen un precio muy bajo por  su grano y generalmente son v\u00edctimas de los intermediarios. El objetivo de ponerles el precio de garant\u00eda, es poderles ayudar para que puedan incrementar sus rendimientos y la certidumbre  de un buen precio, ese precio se les va a pagar y si pasamos de dos toneladas a cuatro toneladas obviamente les va a permitir mayor ingreso y gradualmente vamos a sacarlos de la pobreza extrema, entonces que no se nos olvide que este precio de garant\u00eda no va para la producci\u00f3n comercial.<br><\/p>\n\n\n\n<p><strong><em>\u00bfCu\u00e1l ser\u00e1 el destino de est\u00edmulos al agricultor como el subsidio al di\u00e9sel y compensaciones a cosechas por conceptos como labranza o control de plagas o enfermedades? \u00bfSe van a sostener, aumentar o cancelar?  <\/em><\/strong><br><\/p>\n\n\n\n<p>El presupuesto de la secretar\u00eda esta canalizado a financiar cuatro grandes programas estrat\u00e9gicos, de los cuales est\u00e1 el tema de fertilizante, el cr\u00e9dito a la palabra para la ganader\u00eda, est\u00e1 liconsa que es el precio de garant\u00eda, un cuarto programa que est\u00e1 orientado a garantizar la seguridad alimentaria y la soberan\u00eda alimentaria. Estos cuatro programas  tendr\u00e1n la mayor\u00eda de los est\u00edmulos de los cuales usted hace referencia, no va a haber un presupuesto espec\u00edfico para el di\u00e9sel, ni para complementos a los precios de los granos. <\/p>\n\n\n\n<p>El apoyo, en una alta proporci\u00f3n va a estar orientado en esos cuatro programas. Esto no quiere decir que nos vamos a desentender de las sanidades, de la comercializaci\u00f3n, lo que quiere decir que va a tener un presupuesto m\u00e1s controlado, m\u00e1s enfocado a las grandes prioridades y tambi\u00e9n va a venir acompa\u00f1ado de un programa de cr\u00e9dito con mayores plazos y menores tasas de inter\u00e9s.<\/p>\n\n\n\n<p><strong><em>La agricultura comercial tiene ahora al menos tres retos grandes. Producir m\u00e1s por hect\u00e1rea, alimentos de mejor calidad, y hacer a la actividad sustentable en el tiempo y espacio, reduciendo la contaminaci\u00f3n por pesticidas o excesivo uso de maquinaria. \u00bfC\u00f3mo alinear estos conceptos cuando el precio de la cosecha apenas da para sobrevivir al productor mediano? <\/em><\/strong><br><\/p>\n\n\n\n<p>Este es un buen punto.  La actividad agr\u00edcola pues siempre es una actividad de riesgo, de modo que el gobierno tendr\u00e1 y acompa\u00f1ar\u00e1 con tecnolog\u00eda y estrategias para minimizar el riesgo, pero tambi\u00e9n vamos a fomentar el acceso a los seguros agropecuarios y a los seguros catastr\u00f3ficos para poderle dar seguridad y certidumbre a los productores, reconociendo que tenemos actividades de riesgo en la agricultura, el tema que va m\u00e1s all\u00e1 de los energ\u00e9ticos.  El costo del di\u00e9sel se tiene que ver de una manera m\u00e1s integral por que tanto afecta a los productores como a los pescadores como a los transportistas como nos afecta a toda la ciudadan\u00eda, entonces eso se va a ver dentro de un contexto dentro de una pol\u00edtica general. Quiero comentarle que vamos a poder ofertar el fertilizante  mucho m\u00e1s barato de lo que esta ofreci\u00e9ndose comercialmente porque vamos a echar a andar tres plantas productoras de nitrogenados y eso lo vamos hacer a principios del a\u00f1o, de modo que el agricultor s\u00ed va a ver un beneficio, en una reducci\u00f3n del costo de los fertilizantes a partir del pr\u00f3ximo ciclo agr\u00edcola. <\/p>\n\n\n\n<p><strong><em>\u00bfCu\u00e1l ser\u00e1 el futuro de programas como modernizaci\u00f3n del campo y diversificaci\u00f3n de cultivos si en Sinaloa la opci\u00f3n casi \u00fanica sigue siendo el ma\u00edz? <\/em><\/strong><\/p>\n\n\n\n<p>Vamos a promover con paquetes tecnol\u00f3gicos la diversificaci\u00f3n de cultivos por las razones que ya le he explicado, estamos teniendo claramente un mensaje de que cada vez vamos a tener menos agua, otras plagas y enfermedades, entonces tenemos que irnos preparando hacia una pol\u00edtica de adaptaci\u00f3n de la agricultura al cambio clim\u00e1tico, ah\u00ed entra mucho este tema de la diversificaci\u00f3n de cultivos,  la reconversi\u00f3n  productiva, el manejo del suelo, la incorporaci\u00f3n de materia org\u00e1nica, los fertilizantes org\u00e1nicos, control biol\u00f3gico, etc.,  todos  esos paquetes tecnol\u00f3gicos existen pero va a haber un acompa\u00f1amiento a los productores a trav\u00e9s de un programa de extensionismo rural muy eficiente, muy t\u00e9cnico que va a ir promoviendo, el uso de estas buenas pr\u00e1cticas agr\u00edcolas que hacen tanta falta, sobre todo lo que tiene que ver con la mejora de los suelos. <\/p>\n\n\n\n<p>Efectivamente tenemos programas que promueven el uso del tractor, para peque\u00f1as parcelas y tenemos programas que estimulen la utilizaci\u00f3n de materia org\u00e1nica.<\/p>\n\n\n\n<p><strong><em>Una queja recurrente es la falta de investigaci\u00f3n agr\u00edcola b\u00e1sica y por consiguiente, la dependencia de la tecnolog\u00eda extranjera o la generada por particulares, generalmente cara y poco confiable. \u00bfQu\u00e9 puede el agricultor esperar en ese tema?.<\/em><\/strong><br><\/p>\n\n\n\n<p>Yo comparto esa preocupaci\u00f3n suya y de los agricultores y coincido en que por muchos a\u00f1os la investigaci\u00f3n agr\u00edcola se ha abandonado y los centros de investigaci\u00f3n tienen mucho personal a punto de retiro, pero no hay personal de reemplazo. Por eso una de las acciones de la nueva administraci\u00f3n ser\u00e1 asignar m\u00e1s recursos para ese sector, contratar nuevo personal e impulsar la investigaci\u00f3n agr\u00edcola como una herramienta para el desarrollo del campo.<br><\/p>\n\n\n\n<p>Viene un impulso a la investigaci\u00f3n agr\u00edcola como hace mucho tiempo no se ha visto. Esa es una de las prioridades que se van a atender. No se puede concebir una agricultura de avanzada, si no hay investigaci\u00f3n de soporte y generaci\u00f3n de nuevas tecnolog\u00edas.<\/p>\n\n\n\n<p><strong><em>Si pudiera darles un mensaje de aliento a los productores de Sinaloa. \u00bfQu\u00e9 le gustar\u00eda decirles a trav\u00e9s de nuestras p\u00e1ginas?<\/em><\/strong> <br><\/p>\n\n\n\n<p>Nuevamente una felicitaci\u00f3n, yo siempre he tenido en muy alto concepto el trabajo que hacen los productores sinaloenses, es la agricultura modelo para el resto de los agricultores del pa\u00eds, de modo que les quisiera decir, aparte de que vamos a necesitar mucho de su apoyo y su comprensi\u00f3n, estos cambios van a tardar tiempo en llegar gradualmente, entonces es muy importante que sepan que estamos convencidos, estamos determinados a hacer estos cambios para beneficio de la agricultura y que cuento anticipadamente con el apoyo de todos, porque esto va a estar conectado al beneficio de nuestro sector y claramente reconociendo la necesidad de fortaleza de  nuestra agricultura y reivindicar nuestra actividad del campo. <br><\/p>\n\n\n\n<p><strong><em>Muchas gracias Dr. Victor Villalobos, le deseamos el mejor de los \u00e9xitos en la tarea que el presidente ha puesto en sus manos.<\/em><\/strong><\/p>\n","protected":false},"excerpt":{"rendered":"<p>-Por Gregorio Reyes Figueroa- Reducir la dependencia alimentaria del exterior, a trav\u00e9s de fomentar la producci\u00f3n interna apoyando a los productores de menores ingresos, pero acompa\u00f1ando<span class=\"excerpt-hellip\"> [\u2026]<\/span><\/p>\n","protected":false},"author":4,"featured_media":3549,"comment_status":"open","ping_status":"open","sticky":false,"template":"","format":"standard","meta":{"ngg_post_thumbnail":0,"jetpack_post_was_ever_published":false,"_jetpack_newsletter_access":"","_jetpack_newsletter_tier_id":0,"footnotes":""},"categories":[114],"tags":[],"acf":[],"jetpack_featured_media_url":"https:\/\/panorama-agro.com\/wp-content\/uploads\/2019\/02\/Victor-Villalobos.jpg","jetpack_sharing_enabled":true,"jetpack_shortlink":"https:\/\/wp.me\/p5Aau3-Ve","_links":{"self":[{"href":"https:\/\/panorama-agro.com\/index.php?rest_route=\/wp\/v2\/posts\/3548"}],"collection":[{"href":"https:\/\/panorama-agro.com\/index.php?rest_route=\/wp\/v2\/posts"}],"about":[{"href":"https:\/\/panorama-agro.com\/index.php?rest_route=\/wp\/v2\/types\/post"}],"author":[{"embeddable":true,"href":"https:\/\/panorama-agro.com\/index.php?rest_route=\/wp\/v2\/users\/4"}],"replies":[{"embeddable":true,"href":"https:\/\/panorama-agro.com\/index.php?rest_route=%2Fwp%2Fv2%2Fcomments&post=3548"}],"version-history":[{"count":2,"href":"https:\/\/panorama-agro.com\/index.php?rest_route=\/wp\/v2\/posts\/3548\/revisions"}],"predecessor-version":[{"id":3551,"href":"https:\/\/panorama-agro.com\/index.php?rest_route=\/wp\/v2\/posts\/3548\/revisions\/3551"}],"wp:featuredmedia":[{"embeddable":true,"href":"https:\/\/panorama-agro.com\/index.php?rest_route=\/wp\/v2\/media\/3549"}],"wp:attachment":[{"href":"https:\/\/panorama-agro.com\/index.php?rest_route=%2Fwp%2Fv2%2Fmedia&parent=3548"}],"wp:term":[{"taxonomy":"category","embeddable":true,"href":"https:\/\/panorama-agro.com\/index.php?rest_route=%2Fwp%2Fv2%2Fcategories&post=3548"},{"taxonomy":"post_tag","embeddable":true,"href":"https:\/\/panorama-agro.com\/index.php?rest_route=%2Fwp%2Fv2%2Ftags&post=3548"}],"curies":[{"name":"wp","href":"https:\/\/api.w.org\/{rel}","templated":true}]}}