{"id":3579,"date":"2019-04-08T12:13:50","date_gmt":"2019-04-08T18:13:50","guid":{"rendered":"https:\/\/panorama-agro.com\/?p=3579"},"modified":"2019-05-21T19:41:36","modified_gmt":"2019-05-22T01:41:36","slug":"soy-un-convencido-de-la-minima-labranza-dice-luis-charvel-lopez-agronomo-del-ano-2019","status":"publish","type":"post","link":"https:\/\/panorama-agro.com\/?p=3579","title":{"rendered":"Soy un convencido de la M\u00cdNIMA LABRANZA, dice Luis Charvel L\u00f3pez, Agr\u00f3nomo del A\u00f1o 2019"},"content":{"rendered":"\n<p style=\"text-align:center\"><em>-Por Gregorio Reyes Figueroa-<\/em><\/p>\n\n\n\n<p>Formado profesionalmente en la Escuela Superior de Agricultura de la UAS en Culiac\u00e1n, Sinaloa,  Luis Charvel L\u00f3pez L\u00f3pez es hoy un agr\u00f3nomo innovador y un agricultor convencido de que la Agricultura de Conservaci\u00f3n \u00f3 M\u00ednima Labranza es el camino m\u00e1s efectivo para hacer de la producci\u00f3n de ma\u00edz un cultivo m\u00e1s rentable y m\u00e1s amigable con el medio ambiente, que preserve las condiciones de agua, suelo y clima de nuestra regi\u00f3n.<\/p>\n\n\n\n<p>Egresado con la especialidad de Fitotecnia en 1980,  Charvel L\u00f3pez inici\u00f3 su desempe\u00f1o profesional como t\u00e9cnico adscrito al Distrito de Temporal de El Fuerte, a cargo del ingeniero Jaime Escobedo Rocha y fue en 1983 que la Secretar\u00eda de Agricultura lo comision\u00f3 para un curso de actualizaci\u00f3n y capacitaci\u00f3n en el tema de financiamiento al campo, lo que le abri\u00f3 las puertas para incorporarse como asesor financiero en FIRA.<\/p>\n\n\n\n<p>Por cambio de pol\u00edticas del FIRA solo estuvo un a\u00f1o pero posteriormente se incorpor\u00f3 a la banca privada en el campo del financiamiento a la agricultura, primero en Banpa\u00eds y luego en Banco Agropecuario del  Noroeste,  donde labor\u00f3 por 31 a\u00f1os como gerente de cr\u00e9dito agropecuario. <br><\/p>\n\n\n\n<p>Su origen campesino -hijo del ex dirigente ejidal Luis L\u00f3pez Sandoval-,  lo llev\u00f3 han ocuparse muy temprano de la siembra de la parcela de su padre, al tiempo que realizaba su trabajo como ejecutivo bancario. <br><\/p>\n\n\n\n<p>Como productor agr\u00edcola  incursion\u00f3 formalmente en 1985 sembrando los cultivos de tomatillo, frijol y sorgo, principalmente, en los cuales recuerda que se utilizaba intensivamente el tractor, lo que terminaba por encarecer el costo de los cultivos y eventualmente hacerlos incosteables. <br><\/p>\n\n\n\n<p>Esto lo empuj\u00f3 a incursionar en la agricultura de conservaci\u00f3n, de la que dice que comparada con la tradicional es igual o mejor en cuanto a rendimientos, lo que pudo comprobar en los cultivos de ma\u00edz, sorgo y tomatillo. <br><\/p>\n\n\n\n<p>Ya habiendo incursionado en la agricultura de conservaci\u00f3n, decide agregar el tema de la lombricultura para producir lixiviados de lombriz y microorganismos ben\u00e9ficos que aplica en sus predios, entre la cosecha y la pr\u00f3xima siembra, lo que le ha permitido ir mejorando paulatinamente la fertilidad de sus tierras de cultivo, terrenos de aluvi\u00f3n que se localizan en las cercan\u00edas del ejido El Bule y San Jos\u00e9 de Ahome.<br><\/p>\n\n\n\n<p>Entre sus predios de cultivo tiene algunos ya clasificados como de excelente calidad y  otros en proceso de mejoramiento. <br><\/p>\n\n\n\n<p>Sus experiencias m\u00e1s exitosas son con el cultivo del ma\u00edz donde dice que ha logrado bajar los costos de producci\u00f3n en 20-25% comparados con los costos de la labranza convencional, con rendimientos medios arriba de las 12 y hasta 14 toneladas, donde \u201cla agricultura de conservaci\u00f3n o labranza m\u00ednima no le pide nada a la convencional\u201d.<br><\/p>\n\n\n\n<p>Para constatar sus palabras, invita a PANORAMA Agro.com a hacer un recorrido por sus predios y nos muestra su m\u00e1s reciente siembra cero labranza de ma\u00edz despu\u00e9s de ma\u00edz para elote, donde sin ning\u00fan trabajo despu\u00e9s de la cosecha, solo us\u00f3 una cortadora de frijol adaptada con varillas desviadoras para limpiar el surco donde la sembradora equipada con discos cortadores deposit\u00f3 la semilla, sin ning\u00fan problema.<br><\/p>\n\n\n\n<p>Visitamos otro predio donde tiene ma\u00edz para grano en etapa de elote, sembrado tambi\u00e9n con m\u00ednima labranza, justo al lado de otro productor que sembr\u00f3 tradicionalmente, pero el aspecto del cultivo, el tama\u00f1o de la planta y el elote no presentan diferencias, pero su costo es mucho menor.<br><\/p>\n\n\n\n<h5 class=\"wp-block-heading\">\u00bfC\u00f3mo te ha ayudado tu carrera profesional en esto?<br><\/h5>\n\n\n\n<p>\u201cSin estuviera joven y tuviera que decidir carrera, sin duda escoger\u00eda la agronom\u00eda porque para m\u00ed ha representado una vida de trabajo con buenos resultados. Es una carrera muy amplia con muchos campos de acci\u00f3n en la que creo que todav\u00eda hay mucho por hacer y donde al productor agr\u00edcola lo que m\u00e1s nos golpea es el encarecimiento de los insumos, los cuales por lo general se usan indiscriminadamente, lo que se traduce en mayores costos de producci\u00f3n\u201d. <br><\/p>\n\n\n\n<p>Charvel L\u00f3pez considera que la investigaci\u00f3n agr\u00edcola se abandon\u00f3 desde la d\u00e9cada de los ochentas, por lo que el rezago es tan grande que se necesitan a\u00f1os de trabajo intensivo en investigaci\u00f3n para volver a generar las tecnolog\u00edas, las semillas y las pr\u00e1cticas de cultivo que ayuden al productor a recuperar parte de la rentabilidad que han perdido.<\/p>\n\n\n\n<p>El mal manejo que se ha venido dando a los suelos, ha propiciado que la excelente calidad original de los terrenos agr\u00edcolas del Valle del Fuerte se haya perdido, y que ahora seamos tan dependientes de los fertilizantes qu\u00edmicos para alcanzar los mismos rendimientos que se ten\u00edan hace a\u00f1os. <br><\/p>\n\n\n\n<h5 class=\"wp-block-heading\">\u00bfQue los dices a tus compa\u00f1eros agr\u00f3nomos? <br><\/h5>\n\n\n\n<p>Yo sostengo que nosotros, junto con los productores agr\u00edcolas y el gobierno podemos hacer una sinergia para lograr mejores resultados en el campo, porque somos el pilar para que en la mesa de los mexicanos nunca falte la comida. Nosotros nos dedicamos a hacer nuestro trabajo, pero resulta que el gobierno nos dio la espalda y es ah\u00ed donde cobra mayor relevancia la profesi\u00f3n del agr\u00f3nomo.<br><\/p>\n\n\n\n<p>Yo comparo nuestra labor de agr\u00f3nomos  con la del m\u00e9dico, porque nosotros nos encargamos de cuidar la sanidad de las plantas y los m\u00e9dicos cuidan la salud de las personas. <br><\/p>\n\n\n\n<p>Les exhorto a que sigamos innovando, que regresemos al concepto de la extensi\u00f3n agr\u00edcola porque el agricultor siempre necesitar\u00e1 del agr\u00f3nomo para resolver los problemas nuevos en los cuales no tiene experiencia, pero el agr\u00f3nomo por su formaci\u00f3n y conocimientos t\u00e9cnicos puede ayudar, dando una buena recomendaci\u00f3n al agricultor que lo necesite.<\/p>\n\n\n\n<p>A la Federaci\u00f3n Agron\u00f3mica de Sinaloa, Secci\u00f3n Los Mochis, le agradezco  por esta distinci\u00f3n que me hace como agr\u00f3nomo y exhorto a mis compa\u00f1eros a que sigamos trabajando de la mano con el productor para usar m\u00e1s eficientemente nuestros insumos, cuidar nuestras tierras, el agua y el medio ambiente y as\u00ed entregarlas a nuestros hijos que heredar\u00e1n lo que hoy nosotros estamos usufructuando.<\/p>\n","protected":false},"excerpt":{"rendered":"<p>-Por Gregorio Reyes Figueroa- Formado profesionalmente en la Escuela Superior de Agricultura de la UAS en Culiac\u00e1n, Sinaloa, Luis Charvel L\u00f3pez L\u00f3pez es hoy un agr\u00f3nomo<span class=\"excerpt-hellip\"> [\u2026]<\/span><\/p>\n","protected":false},"author":4,"featured_media":3580,"comment_status":"open","ping_status":"open","sticky":false,"template":"","format":"standard","meta":{"ngg_post_thumbnail":0,"jetpack_post_was_ever_published":false,"_jetpack_newsletter_access":"","_jetpack_newsletter_tier_id":0,"footnotes":""},"categories":[115],"tags":[],"acf":[],"jetpack_featured_media_url":"https:\/\/panorama-agro.com\/wp-content\/uploads\/2019\/04\/Foto-Portada-Panorama-Febrero-2019.jpg","jetpack_sharing_enabled":true,"jetpack_shortlink":"https:\/\/wp.me\/p5Aau3-VJ","_links":{"self":[{"href":"https:\/\/panorama-agro.com\/index.php?rest_route=\/wp\/v2\/posts\/3579"}],"collection":[{"href":"https:\/\/panorama-agro.com\/index.php?rest_route=\/wp\/v2\/posts"}],"about":[{"href":"https:\/\/panorama-agro.com\/index.php?rest_route=\/wp\/v2\/types\/post"}],"author":[{"embeddable":true,"href":"https:\/\/panorama-agro.com\/index.php?rest_route=\/wp\/v2\/users\/4"}],"replies":[{"embeddable":true,"href":"https:\/\/panorama-agro.com\/index.php?rest_route=%2Fwp%2Fv2%2Fcomments&post=3579"}],"version-history":[{"count":2,"href":"https:\/\/panorama-agro.com\/index.php?rest_route=\/wp\/v2\/posts\/3579\/revisions"}],"predecessor-version":[{"id":3582,"href":"https:\/\/panorama-agro.com\/index.php?rest_route=\/wp\/v2\/posts\/3579\/revisions\/3582"}],"wp:featuredmedia":[{"embeddable":true,"href":"https:\/\/panorama-agro.com\/index.php?rest_route=\/wp\/v2\/media\/3580"}],"wp:attachment":[{"href":"https:\/\/panorama-agro.com\/index.php?rest_route=%2Fwp%2Fv2%2Fmedia&parent=3579"}],"wp:term":[{"taxonomy":"category","embeddable":true,"href":"https:\/\/panorama-agro.com\/index.php?rest_route=%2Fwp%2Fv2%2Fcategories&post=3579"},{"taxonomy":"post_tag","embeddable":true,"href":"https:\/\/panorama-agro.com\/index.php?rest_route=%2Fwp%2Fv2%2Ftags&post=3579"}],"curies":[{"name":"wp","href":"https:\/\/api.w.org\/{rel}","templated":true}]}}