{"id":363,"date":"2015-02-10T20:37:10","date_gmt":"2015-02-10T20:37:10","guid":{"rendered":"http:\/\/bancoinfo.panorama-agro.com\/?p=363"},"modified":"2015-03-25T10:25:36","modified_gmt":"2015-03-25T17:25:36","slug":"roya-o-chahuixtle-informacion","status":"publish","type":"post","link":"https:\/\/panorama-agro.com\/?p=363","title":{"rendered":"Roya o chahuixtle &#8211; Informaci\u00f3n"},"content":{"rendered":"<p>Esta enfermedad ataca las hojas, vainas y rara vez tallos y peciolos. Los primeros s\u00edntomas aparecen en el env\u00e9s de las hojas como peque\u00f1os puntos amarillo-p\u00e1lidos; despu\u00e9s de algunos d\u00edas se rompe la epidermis dejando expuesta una p\u00fastula con esporas de color rojizo.<\/p>\n<p>Cuando la infecci\u00f3n es muy severa, todas las hojas se vuelven amarillas y la planta muere.<\/p>\n<p>Despu\u00e9s de 8 a 10 d\u00edas de la infecci\u00f3n la epidermis se rompe y quedan al descubierto las uredosporas, las cuales son esparcidas por el viento, el hombre, animales o implementos de labranza. En regiones con invierno benigno (16 a 25 \u00baC) el hongo sobrevive mediante esporas que pueden desarrollar nuevamente la enfermedad a niveles de da\u00f1o al cultivo.<\/p>\n<p>La enfermedad se presenta en variedades criollas sobre todo al sembrarlas en fechas tard\u00edas. Puede defoliar prematuramente la planta y con ello reducir el tama\u00f1o de vainas y granos lo que se refleja en baja en la producci\u00f3n. Para evitar da\u00f1os por esta enfermedad se sugiere utilizar variedades recomendadas en su fecha \u00f3ptima de siembra, ya que cuentan con resistencia gen\u00e9tica al pat\u00f3geno.<\/p>\n","protected":false},"excerpt":{"rendered":"<p>Esta enfermedad ataca las hojas, vainas y rara vez tallos y peciolos. Los primeros s\u00edntomas aparecen en el env\u00e9s de las hojas como peque\u00f1os puntos amarillo-p\u00e1lidos;<span class=\"excerpt-hellip\"> [\u2026]<\/span><\/p>\n","protected":false},"author":4,"featured_media":364,"comment_status":"open","ping_status":"open","sticky":false,"template":"","format":"image","meta":{"ngg_post_thumbnail":0,"jetpack_post_was_ever_published":false,"_jetpack_newsletter_access":"","_jetpack_newsletter_tier_id":0,"footnotes":""},"categories":[47,65],"tags":[],"acf":[],"jetpack_featured_media_url":"https:\/\/panorama-agro.com\/wp-content\/uploads\/2015\/02\/Frijol-Roya-o-chahuixtle-Uromyces-appendiculatus-Howard-F.-Schwartz-Colorado-State-University-Bugwood.org_.jpg","jetpack_sharing_enabled":true,"jetpack_shortlink":"https:\/\/wp.me\/p5Aau3-5R","_links":{"self":[{"href":"https:\/\/panorama-agro.com\/index.php?rest_route=\/wp\/v2\/posts\/363"}],"collection":[{"href":"https:\/\/panorama-agro.com\/index.php?rest_route=\/wp\/v2\/posts"}],"about":[{"href":"https:\/\/panorama-agro.com\/index.php?rest_route=\/wp\/v2\/types\/post"}],"author":[{"embeddable":true,"href":"https:\/\/panorama-agro.com\/index.php?rest_route=\/wp\/v2\/users\/4"}],"replies":[{"embeddable":true,"href":"https:\/\/panorama-agro.com\/index.php?rest_route=%2Fwp%2Fv2%2Fcomments&post=363"}],"version-history":[{"count":5,"href":"https:\/\/panorama-agro.com\/index.php?rest_route=\/wp\/v2\/posts\/363\/revisions"}],"predecessor-version":[{"id":1581,"href":"https:\/\/panorama-agro.com\/index.php?rest_route=\/wp\/v2\/posts\/363\/revisions\/1581"}],"wp:featuredmedia":[{"embeddable":true,"href":"https:\/\/panorama-agro.com\/index.php?rest_route=\/wp\/v2\/media\/364"}],"wp:attachment":[{"href":"https:\/\/panorama-agro.com\/index.php?rest_route=%2Fwp%2Fv2%2Fmedia&parent=363"}],"wp:term":[{"taxonomy":"category","embeddable":true,"href":"https:\/\/panorama-agro.com\/index.php?rest_route=%2Fwp%2Fv2%2Fcategories&post=363"},{"taxonomy":"post_tag","embeddable":true,"href":"https:\/\/panorama-agro.com\/index.php?rest_route=%2Fwp%2Fv2%2Ftags&post=363"}],"curies":[{"name":"wp","href":"https:\/\/api.w.org\/{rel}","templated":true}]}}