{"id":3658,"date":"2019-07-17T12:45:57","date_gmt":"2019-07-17T18:45:57","guid":{"rendered":"https:\/\/panorama-agro.com\/?p=3658"},"modified":"2019-10-16T19:11:53","modified_gmt":"2019-10-17T01:11:53","slug":"que-al-agricultor-le-vaya-bien-el-proposito-de-la-expoceres","status":"publish","type":"post","link":"https:\/\/panorama-agro.com\/?p=3658","title":{"rendered":"Que al Agricultor le vaya bien, el prop\u00f3sito de la ExpoCeres"},"content":{"rendered":"\n<p>Con una asistencia de productores agr\u00edcolas y expositores que rebas\u00f3 las expectativas previstas, la Expoceres 26 realizada del 4 al 6 de abril, fue calificada por el gobernador de Sinaloa como el evento agr\u00edcola m\u00e1s importante del a\u00f1o, mientras que su presidente y fundador, Ing. Guillermo Elizondo Collard dice sentirse satisfecho con lo alcanzado, pero reconoce que hay mucho por hacer porque en la agricultura siempre se tiene que ver hacia adelante.<\/p>\n\n\n\n<p>Seg\u00fan datos preliminares, Expoceres permiti\u00f3 que se realizaran m\u00e1s de 400 encuentros de negocios entre los cuales destaca la participaci\u00f3n comercial de las embajadas invitadas de Israel, Polonia y Finlandia.<\/p>\n\n\n\n<p>Se pactaron negociaciones comerciales por m\u00e1s de 2 mil millones de pesos durante los d\u00edas del evento en el que participaron 430 expositores, con una derrama en la ciudad de m\u00e1s de 15 millones de pesos por diversos servicios y proveedur\u00edas con m\u00e1s de 60 mil visitantes nacionales e internacionales.<\/p>\n\n\n\n<p>Para saber hacia d\u00f3nde avanza la Expoceres, <strong>PANORAMA-Agro.com<\/strong> platic\u00f3 con el Ing. Guillermo Elizondo, quien explic\u00f3:<\/p>\n\n\n\n<p>La Expo es una oportunidad muy importante para hacer negocios, aunque todav\u00eda tenemos mucho por hacer.<\/p>\n\n\n\n<p>Como resultado de la difusi\u00f3n de la Expoceres, para esta edici\u00f3n n\u00famero 26, participaron varios pa\u00edses. Visitamos varias embajadas para presentarles la Expo, se interesaron y mandaron representantes y empresarios; entre ellos, nuestros distribuidores de Semillas Ceres en Bolivia y Per\u00fa. <\/p>\n\n\n\n<p>Ya estamos trabajando con la n\u00famero 27, pues empezamos a proyectarla al siguiente d\u00eda que concluy\u00f3 nuestro evento de este a\u00f1o.<\/p>\n\n\n\n<p>El se\u00f1or gobernador me coment\u00f3 que \u00e9l pensaba que la Expo Agro Sinaloa ya no se va a volver a realizar. Es una l\u00e1stima porque deber\u00eda haberse seguido haciendo, pero como este a\u00f1o no se llev\u00f3 a cabo en Culiac\u00e1n, vino mucha gente a nuestra Expo y esperamos que el a\u00f1o pr\u00f3ximo vengan m\u00e1s.<\/p>\n\n\n\n<h4 class=\"wp-block-heading\">\u00bfQU\u00c9 LE PASA A LA AGRICULTURA DE SINALOA?<\/h4>\n\n\n\n<p>Todos estamos preocupados por la situaci\u00f3n de Sinaloa, pues no ha crecido en lo econ\u00f3mico, en nuestro Estado se pagan los sueldos m\u00e1s bajos de todo el pa\u00eds, y la agricultura que es la actividad m\u00e1s importante no ha crecido en el valor de su producci\u00f3n nacional ni de exportaci\u00f3n y apenas, recientemente, se est\u00e1n integrando nuevos cultivos como el aguacate y los ar\u00e1ndanos; sin embargo, si al agricultor le va mal, le va mal a Sinaloa, por lo que nos interesa que le vaya bien, por lo que tratamos que la mayor cantidad de ellos asistan a Expoceres, aprovechen los beneficios de las nuevas tecnolog\u00edas, y puedan concretar nuevos negocios en \u00e1reas comerciales y financieras con empresarios locales, regionales, nacionales y del extranjero.<\/p>\n\n\n\n<p>Actualmente el sector agr\u00edcola tiene la costumbre de planear solo para los siguientes 6 meses, siendo necesario que los planes sean para un m\u00ednimo de 3 a\u00f1os. El tema de la comercializaci\u00f3n de la cosecha de ma\u00edz 2018-19 aparentemente est\u00e1 resuelto en un 80%, es imperativo que en Sinaloa, encabezados por el Sr. Gobernador, CAADES y sus asociaciones, el sector ejidal, industriales, acopiadores, etc., inicien en el mes de julio 2019 la negociaci\u00f3n para la comercializaci\u00f3n de la cosecha 2019-20 para que el pr\u00f3ximo septiembre, cuando se est\u00e9 preparando para sembrar, el agricultor conozca cuales son sus opciones entre: ma\u00edz, papa, hortalizas, frijol, trigo, garbanzo, etc., y as\u00ed el agricultor podr\u00e1 antes de sembrar, analizar la diferentes opciones de cultivos y resolver a su conveniencia.<\/p>\n\n\n\n<p>Si bien es cierto que el cultivo del ma\u00edz trajo buenos resultados econ\u00f3micos, el incremento de la superficie sembrada lo ha convertido en un monocultivo, principalmente porque no tiene otras opciones. Estas no se han buscado, pues el Instituto Nacional de Investigaciones Forestarles, Agr\u00edcolas y Pecuarias (INIFAP), no tiene el presupuesto suficiente, y los organismos agr\u00edcolas y el gobierno del Estado no han gestionado fondos para buscar una soluci\u00f3n a este problema que se ve\u00eda venir desde hace 10 a\u00f1os.<\/p>\n\n\n\n<h4 class=\"wp-block-heading\">\u00bfC\u00d3MO VE USTED EL TEMA DE LA INVESTIGACI\u00d3N AGR\u00cdCOLA?<\/h4>\n\n\n\n<p>Se considera que invertir en investigaci\u00f3n no es pol\u00edticamente rentable, pues desde hace muchos a\u00f1os, los presupuestos para ciencia y tecnolog\u00eda han ido disminuyendo y en forma muy importante por el actual gobierno federal, con lo cual se pone en riesgo el futuro del pa\u00eds. Es incre\u00edble que ignoren \u00a1lo obvio!. Hay pa\u00edses que se han desarrollado en todos sus aspectos econ\u00f3micos y han eliminado la pobreza: Corea del Sur, Israel, Jap\u00f3n, Estados Unidos, China, etc. \u00a1Debemos aprender de ellos!, \u00bfpor qu\u00e9 seguimos por caminos equivocados perdiendo el tiempo?. Por mandato constitucional debemos asignar el 1% del Producto Interno Bruto (PIB) para ciencia y estar en 2% en un plazo no mayor de 2 a\u00f1os, como lo establece la Organizaci\u00f3n de las Naciones Unidas para la Educaci\u00f3n, la Ciencia y la Cultura (UNESCO), sin embargo, en la actualidad el presupuesto para ciencia no alcanza el 0.5 del PIB. Un pa\u00eds sin ciencia est\u00e1 condenado al subdesarrollo, pues junto con la tecnolog\u00eda y la innovaci\u00f3n sirve para resolver problemas.<\/p>\n\n\n\n<p>En Expoceres sembramos 16 cultivos: ma\u00edz cacahuaxintle, cebada, cebada maltera, lenteja, ch\u00eda, trigo sarraceno, trigo (blando y duro), amaranto, quinoa, canola (2 variedades), c\u00e1rtamo (2 variedades), girasol (3 variedades), s\u00faper sorgo (3 variedades), linaza, soya, higuerilla, para que los productores se empiecen a familiarizar con ellos, pues son productos que tienen mercado, algunos se est\u00e1n importando y ser\u00eda conveniente producirlos localmente. \u00a1Debe exigirse que se apoye la investigaci\u00f3n agr\u00edcola en forma prioritaria!<\/p>\n\n\n\n<h4 class=\"wp-block-heading\">\u00bfY QU\u00c9 PAPEL JUEGAN EN ESTO LAS ORGANIZACIONES DE PRODUCTORES?<\/h4>\n\n\n\n<p>Las organizaciones de productores juegan un papel muy importante que ha venido perdiendo fuerza al haberse abandonado los objetivos y prop\u00f3sitos para los que fueron creadas, tanto en las Asociaciones de Agricultores, CAADES, M\u00f3dulos de Riego, etc. Se recomienda que con el liderazgo de un despacho externo se elaboren manuales de organizaci\u00f3n, se revisen los procesos y el perfil de los miembros del Consejo Directivo y del equipo gerencial y se definan sus funciones y responsabilidades, etc., para as\u00ed, precisar sus objetivos y planes estrat\u00e9gicos al corto, mediano y largo plazo.<br> En esta forma, tanto directivos como empleados de cualquier organizaci\u00f3n sabr\u00e1n lo que les corresponde hacer durante su per\u00edodo de responsabilidad, las convertir\u00edan en organismos fuertes con prop\u00f3sitos claros y si le sumamos el respaldo del Consejo Nacional Agropecuario, donde tenemos una persona capaz como el Ing. Bosco De la Vega, se lograr\u00edan resultados importantes y trascendentales.<\/p>\n\n\n\n<p>Actualmente, se reacciona a situaciones que da\u00f1an al sector mediante protestas verbales, tomas de casetas, manifestaciones, etc., en lugar de eso, debemos prever y negociar todo con anticipaci\u00f3n. <\/p>\n\n\n\n<h4 class=\"wp-block-heading\">\u00bfALGUNA VEZ USTED SE IMAGIN\u00d3 A LA EXPOCERES COMO SE VIVI\u00d3 ESTA EDICI\u00d3N N\u00daMERO 26?<\/h4>\n\n\n\n<p>\u00a1Definitivamente no!. Cada a\u00f1o hemos ido evaluando las circunstancias. La primera fue ense\u00f1ar algunas tecnolog\u00edas nuevas, los nuevos h\u00edbridos de ma\u00edz, reunidos en torno a una carne asada y as\u00ed fuimos creciendo<\/p>\n\n\n\n<h4 class=\"wp-block-heading\">\u00bfY CU\u00c1L SER\u00cdA LA SIGUIENTE META DE LA EXPOCERES?<\/h4>\n\n\n\n<p>Yo siento que lo que sigue es continuar prepar\u00e1ndonos para el futuro, investigando sobre las mejores tecnolog\u00edas, productos y servicios que le ayuden al agricultor a ser m\u00e1s productivo y a practicar una agricultura sustentable.<\/p>\n\n\n\n<p>Este a\u00f1o ten\u00edamos confirmada la asistencia del Dr. V\u00edctor Villalobos, secretario de SADER, pero cancel\u00f3 un d\u00eda antes. Es muy importante que la m\u00e1xima autoridad agr\u00edcola de M\u00e9xico participe en Expoceres, conozca nuestras propuestas e interact\u00fae con los agricultores y autoridades.<\/p>\n\n\n\n<p>Yo dije durante la inauguraci\u00f3n que hab\u00eda habido tres secretarios de agricultura en el sexenio pasado que no pudieron hacer nada, porque apenas estaban enter\u00e1ndose de la problem\u00e1tica, cuando los quitaron y as\u00ed le fue al pa\u00eds. Ahora que el doctor Villalobos es un t\u00e9cnico muy preparado y que en sus manos est\u00e1 programar para el futuro, propongo que se haga un plan agr\u00edcola nacional a 10 a\u00f1os, aunque para iniciar nos conformamos con que se elabore el plan del ciclo entrante 2019-20. Eso ser\u00e1 un gran adelanto.  <\/p>\n\n\n\n<h4 class=\"wp-block-heading\">\u00bfPENSAR\u00cdA EN MOVER LA EXPOCERES DEL NORTE HACIA EL CENTRO DEL ESTADO?<\/h4>\n\n\n\n<p>Nunca lo hab\u00eda pensado. Me propusieron hace un par de a\u00f1os unir la Expo Agro con Expoceres y no estuve de acuerdo. Me pidieron que abriera la Expo para que entrara cualquiera y tambi\u00e9n me negu\u00e9. Es muy importante preservar sus objetivos y prop\u00f3sitos, mantenerla como un evento familiar, seguro, con un crecimiento planeado y controlado donde se puede manejar el n\u00famero de asistentes, stands, patrocinadores, as\u00ed como la seguridad, la limpieza, el estacionamiento, los ba\u00f1os, etc., sobre todo, el contenido que sea enriquecedor para todos los asistentes.<\/p>\n\n\n\n<h4 class=\"wp-block-heading\">\u00bfQU\u00c9 LES DICE A LOS AGRICULTORES SOBRE EL FUTURO DE LA EXPOCERES?<\/h4>\n\n\n\n<p>Yo quiero en el futuro mejorar la comunicaci\u00f3n con los agricultores para tener mayor conocimiento de sus prioridades, de sus deficiencias, de sus necesidades y que la Expo, nuestras empresas, nuestros colaboradores y yo, apoyemos ofreciendo soluciones para que la agricultura de Sinaloa sea exitosa.<\/p>\n","protected":false},"excerpt":{"rendered":"<p>Con una asistencia de productores agr\u00edcolas y expositores que rebas\u00f3 las expectativas previstas, la Expoceres 26 realizada del 4 al 6 de abril, fue calificada por<span class=\"excerpt-hellip\"> [\u2026]<\/span><\/p>\n","protected":false},"author":4,"featured_media":3660,"comment_status":"open","ping_status":"open","sticky":false,"template":"","format":"standard","meta":{"ngg_post_thumbnail":0,"jetpack_post_was_ever_published":false,"_jetpack_newsletter_access":"","_jetpack_newsletter_tier_id":0,"footnotes":""},"categories":[117],"tags":[],"acf":[],"jetpack_featured_media_url":"https:\/\/panorama-agro.com\/wp-content\/uploads\/2019\/07\/Guillermo-Elizondo-e1563317903381.jpg","jetpack_sharing_enabled":true,"jetpack_shortlink":"https:\/\/wp.me\/p5Aau3-X0","_links":{"self":[{"href":"https:\/\/panorama-agro.com\/index.php?rest_route=\/wp\/v2\/posts\/3658"}],"collection":[{"href":"https:\/\/panorama-agro.com\/index.php?rest_route=\/wp\/v2\/posts"}],"about":[{"href":"https:\/\/panorama-agro.com\/index.php?rest_route=\/wp\/v2\/types\/post"}],"author":[{"embeddable":true,"href":"https:\/\/panorama-agro.com\/index.php?rest_route=\/wp\/v2\/users\/4"}],"replies":[{"embeddable":true,"href":"https:\/\/panorama-agro.com\/index.php?rest_route=%2Fwp%2Fv2%2Fcomments&post=3658"}],"version-history":[{"count":2,"href":"https:\/\/panorama-agro.com\/index.php?rest_route=\/wp\/v2\/posts\/3658\/revisions"}],"predecessor-version":[{"id":3662,"href":"https:\/\/panorama-agro.com\/index.php?rest_route=\/wp\/v2\/posts\/3658\/revisions\/3662"}],"wp:featuredmedia":[{"embeddable":true,"href":"https:\/\/panorama-agro.com\/index.php?rest_route=\/wp\/v2\/media\/3660"}],"wp:attachment":[{"href":"https:\/\/panorama-agro.com\/index.php?rest_route=%2Fwp%2Fv2%2Fmedia&parent=3658"}],"wp:term":[{"taxonomy":"category","embeddable":true,"href":"https:\/\/panorama-agro.com\/index.php?rest_route=%2Fwp%2Fv2%2Fcategories&post=3658"},{"taxonomy":"post_tag","embeddable":true,"href":"https:\/\/panorama-agro.com\/index.php?rest_route=%2Fwp%2Fv2%2Ftags&post=3658"}],"curies":[{"name":"wp","href":"https:\/\/api.w.org\/{rel}","templated":true}]}}