{"id":404,"date":"1995-05-01T00:59:40","date_gmt":"1995-05-01T00:59:40","guid":{"rendered":"http:\/\/bancoinfo.panorama-agro.com\/?p=404"},"modified":"2015-02-11T01:04:52","modified_gmt":"2015-02-11T01:04:52","slug":"guardar-semilla-para-sembrarla-en-el-mismo-predio-puede-provocar-problemas","status":"publish","type":"post","link":"https:\/\/panorama-agro.com\/?p=404","title":{"rendered":"Semilla sana Vs. bacteriosis en frijol"},"content":{"rendered":"<h5>&#8211; Guardar semilla para sembrarla en el mismo predio puede provocar problemas<\/h5>\n<p>Es com\u00fan que algunos productores de frijol guarden grano de su cosecha para usarlo como semilla en el siguiente ciclo, buscando el ahorro por ese concepto. Esta eventualidad ha propiciado que algunas enfermedades sistem\u00e1ticamente hayan cobrado importancia debido al aumento en su intensidad, as\u00ed como por el incremento progresivo de la superficie afectada. El ejemplo regional t\u00edpico de este fen\u00f3meno es el moho blanco. Otras enfermedades pueden presentar un potencial de riesgo considerable si se combinan las condiciones clim\u00e1ticas favorables con la presencia de fuentes de inoculo, entre ellas la semilla contaminada.<\/p>\n<p>Durante el ciclo Oto\u00f1o-Invierno 1994-1995 las condiciones ambientales se presentaron con lluvias mayores de 100 mm, d\u00edas subsecuentes con alta humedad relativa y neblinas y temperatura c\u00e1lida en el d\u00eda y fresca por la noche. Estas condiciones propiciaron la aparici\u00f3n de la enfermedad conocida gen\u00e9ricamente como bacteriosis o tiz\u00f3n bacteriano.<\/p>\n<p>Los s\u00edntomas observados en follaje fueron inicialmente lesiones acuosas de color verde claro que fueron torn\u00e1ndose clor\u00f3ticas y al final necr\u00f3ticas, rodeadas de un halo amarillento, las \u00e1reas necrosadas formaron manchas angulares que parec\u00edan limitar con las nervaduras y al unirse con otras da\u00f1aron gran parte o la totalidad de las hojas. En las vainas se formaron manchas acuosas, de las cuales proven\u00eda un exudado amarillento cremoso que al secarse tom\u00f3 una coloraci\u00f3n rojiza-amarillenta o blancuzca. Esta sintomatolog\u00eda coincide con la descrita para el tiz\u00f3n com\u00fan, que difiere del tiz\u00f3n de halo por la presencia de un \u00e1rea extensa de color verde amarillento alrededor de la lesi\u00f3n angulosa. Este halo no es muy notorio cuando las temperaturas llegan a los 28\u00baC y por tanto, la lesi\u00f3n se confunde con tiz\u00f3n com\u00fan.<\/p>\n<p>Los organismos involucrados son dos bacterias: <em>Xantomas phaseoli<\/em> y <em>Pseudomonas phaseolicola<\/em>, causantes del tiz\u00f3n com\u00fan y el tiz\u00f3n de halo, respectivamente.<\/p>\n<p>Estas bacterias est\u00e1n estrechamente emparentadas, ya que pertenecen ambas al orden Pseudomonadales y a la familia Pseudomonadaceae.<\/p>\n<p>Morfol\u00f3gicamente son semejantes, de forma bacilar, salvo que <em>X. phaseoli<\/em> tiene un solo flagelo polar y <em>P. phaseolicola<\/em> tiene de uno a tres flagelos polares. <em>X phaseoli<\/em> presenta desarrollo \u00f3ptimo a 28\u00baC y <em>P. phaseolicola<\/em> a 24\u00baC.<\/p>\n<p>Se puede diferenciar f\u00e1cilmente por medio de una prueba bioqu\u00edmica: P. pahseolicola al desarrollarse en el medio B de King produce una sustancia fluorescente que la hace f\u00e1cilmente distinguible.<\/p>\n<p>A fin de cuentas, sus similitudes en cuanto a biolog\u00eda y requerimientos clim\u00e1ticos y la presencia de la sintomatolog\u00eda descrita hacen suponer que aunque se confirm\u00f3 la presencia de <em>X. phaseoli<\/em> causante del tiz\u00f3n com\u00fan, no se debe descartar la presencia de <em>P. phaseolicola<\/em> para actuar por si sola o en complejo y las medidas profil\u00e1cticas a su vez, son coincidentes.<\/p>\n<p>Para prevenir la infecci\u00f3n por estos pat\u00f3genos hay que tomar una serie de precauciones basadas en su epidemiolog\u00eda.<\/p>\n<p>Ambas bacterias causantes de tizones toda vez que infectan las vainas y llegan a da\u00f1ar las semillas, son f\u00e1cilmente transmisibles por ese medio. Las semillas de apariencia sana, en realidad portan bacterias contaminantes en la superficie, las cuales con la aplicaci\u00f3n de tratamiento hidrot\u00e9rmico y de antibi\u00f3ticos a la semilla, pueden ser eliminadas.<\/p>\n<p>Sin embargo, algunas bacterias penetran al interior y se colocan entre la cut\u00edcula y los cotiledones, donde ning\u00fan tratamiento a la semilla tendr\u00e1 efecto sobre tales pat\u00f3genos. De esta forma, las pl\u00e1ntulas reci\u00e9n emergidas estar\u00e1n propensas a mostrar s\u00edntomas de infecci\u00f3n temprana. De ah\u00ed la importancia que tiene el utilizar semilla sana, producida en lotes donde no se present\u00f3 la enfermedad.<\/p>\n<p>Deber\u00e1 tenerse cuidado de no guardar semilla para el siguiente si hubo brotes de tizones bacteriales, ya que se corre el riesgo de que las bacterias como contaminantes en la superficie o interior de la semilla, si las condiciones ambientales les favorecen, inicien una epidemia de consecuencias. Se ocupan tan solo de 500 a 1500 semillas, que son el 0.2 a 0.5 por ciento de semilla infectada por hect\u00e1rea para que los tizones causen da\u00f1os econ\u00f3micos.<\/p>\n<p>La producci\u00f3n de semilla por su parte deber\u00e1 realizarse en zonas libres de enfermedades, y es menester que se evite el flujo de semilla de regiones o \u00e1reas en que es problema hacia \u00e1reas libres de la enfermedad. Aun as\u00ed deber\u00e1 se complementada con otras medidas preventivas afines a la producci\u00f3n de grano.<\/p>\n<p>Otras medidas profil\u00e1cticas pueden ser aplicadas, pues las bacterias son capaces de sobrevivir en restos de cultivo o como estructuras de resistencia, por lo que la rotaci\u00f3n con cultivos tolerantes ayuda a reducir el inoculo. Otra pr\u00e1ctica favorable es el barbecho para colocar los residuos de cultivo en un estrato inferior del suelo. As\u00ed mismo, se debe evitar el paso de personas y llevar maquinaria y equipo de un campo infectado a otro limpio sin un concienzudo lavado.<\/p>\n<p>Como el salpique por lluvia es un veh\u00edculo eficiente de diseminaci\u00f3n, es aconsejable circunscribir la siembra de frijol a zonas de baja precipitaci\u00f3n. El control qu\u00edmico como \u00faltimo recurso puede aplicarse a base de productos c\u00fapricos y antibi\u00f3ticos.<\/p>\n<p><strong>* M. C. Investigador del Programa de Fitopatolog\u00eda del CEVAF<\/strong><\/p>\n","protected":false},"excerpt":{"rendered":"<p>&#8211; Guardar semilla para sembrarla en el mismo predio puede provocar problemas Es com\u00fan que algunos productores de frijol guarden grano de su cosecha para usarlo<span class=\"excerpt-hellip\"> [\u2026]<\/span><\/p>\n","protected":false},"author":4,"featured_media":0,"comment_status":"open","ping_status":"open","sticky":false,"template":"","format":"image","meta":{"ngg_post_thumbnail":0,"jetpack_post_was_ever_published":false,"_jetpack_newsletter_access":"","_jetpack_newsletter_tier_id":0,"footnotes":""},"categories":[7],"tags":[],"acf":[],"jetpack_featured_media_url":"","jetpack_sharing_enabled":true,"jetpack_shortlink":"https:\/\/wp.me\/p5Aau3-6w","_links":{"self":[{"href":"https:\/\/panorama-agro.com\/index.php?rest_route=\/wp\/v2\/posts\/404"}],"collection":[{"href":"https:\/\/panorama-agro.com\/index.php?rest_route=\/wp\/v2\/posts"}],"about":[{"href":"https:\/\/panorama-agro.com\/index.php?rest_route=\/wp\/v2\/types\/post"}],"author":[{"embeddable":true,"href":"https:\/\/panorama-agro.com\/index.php?rest_route=\/wp\/v2\/users\/4"}],"replies":[{"embeddable":true,"href":"https:\/\/panorama-agro.com\/index.php?rest_route=%2Fwp%2Fv2%2Fcomments&post=404"}],"version-history":[{"count":4,"href":"https:\/\/panorama-agro.com\/index.php?rest_route=\/wp\/v2\/posts\/404\/revisions"}],"predecessor-version":[{"id":408,"href":"https:\/\/panorama-agro.com\/index.php?rest_route=\/wp\/v2\/posts\/404\/revisions\/408"}],"wp:attachment":[{"href":"https:\/\/panorama-agro.com\/index.php?rest_route=%2Fwp%2Fv2%2Fmedia&parent=404"}],"wp:term":[{"taxonomy":"category","embeddable":true,"href":"https:\/\/panorama-agro.com\/index.php?rest_route=%2Fwp%2Fv2%2Fcategories&post=404"},{"taxonomy":"post_tag","embeddable":true,"href":"https:\/\/panorama-agro.com\/index.php?rest_route=%2Fwp%2Fv2%2Ftags&post=404"}],"curies":[{"name":"wp","href":"https:\/\/api.w.org\/{rel}","templated":true}]}}