{"id":484,"date":"2015-02-16T19:21:37","date_gmt":"2015-02-17T02:21:37","guid":{"rendered":"http:\/\/bancoinfo.panorama-agro.com\/?p=484"},"modified":"2019-12-27T17:51:45","modified_gmt":"2019-12-28T00:51:45","slug":"gusano-trozador","status":"publish","type":"post","link":"https:\/\/panorama-agro.com\/?p=484","title":{"rendered":"Gusano trozador (Agrotis) &#8211; Informaci\u00f3n"},"content":{"rendered":"<h5>Reconocimiento<\/h5>\n<p><strong>Adulto:<\/strong> Mide de 35 a 45 mm de expansi\u00f3n alar, las alas anteriores son pardo oscuro con excepci\u00f3n de una mancha clara en la inserci\u00f3n sobre el margen anal y del tercio distal que es pardo claro, ligeramente amarillento. El segundo par de alas es casi blanco, con nervaduras bien destacadas y de color casta\u00f1o. El cuerpo es gris.<\/p>\n<p><strong>Larva:<\/strong> Evoluciona desde los 3 mm cuando nace hasta los 40 a 50 mm cuando completa su desarrollo. La larva posee un tegumento glabro (sin pelos), lustroso y de apariencia grasienta. Posee una coloraci\u00f3n gris\u00e1cea con diferentes tonalidades. La cabeza muestra un reticulado pardo rojizo. En el dorso se observa una banda longitudinal gris claro, otras dos bandas m\u00e1s estrechas y difusas se encuentran lateralmente, ventralmente el cuerpo es blanco gris\u00e1ceo.<\/p>\n<h5>Distribuci\u00f3n<\/h5>\n<p>Cosmopolita<\/p>\n<h5>Hospederos<\/h5>\n<p>Papa, tomate, haba, arveja, acelga, lechuga, tabaco, cebolla, ma\u00edz, alfalfa, remolacha, girasol, pimiento.<\/p>\n<h5>Da\u00f1os e importancia econ\u00f3mica<\/h5>\n<p>Su car\u00e1cter pol\u00edfago determina que ataque una amplia variedad de cultivos, ocasionando con frecuencia perjuicios de entidad en muchos de ellos. En los primeros estadios, la larva, se alimenta de las hojas inferiores, posteriormente desciende al suelo y se alimenta de tallos, ra\u00edces y tub\u00e9rculos.<\/p>\n<h5>Taxonom\u00eda<\/h5>\n<p><strong>Reino:<\/strong> Animalia<br \/>\n<strong>Clase:<\/strong> Hexapoda (incluyendo Insecta)<br \/>\n<strong>Orden:<\/strong> Lepidoptera<br \/>\n<strong>Familia:<\/strong> Noctuidae<br \/>\n<strong>G\u00e9nero:<\/strong> Agrotis<br \/>\n<strong>Especie:<\/strong> Ipsilon<\/p>\n","protected":false},"excerpt":{"rendered":"<p>Larva de gusano trozador (John Capinera, University of Florida, Bugwood.org)<\/p>\n","protected":false},"author":4,"featured_media":485,"comment_status":"open","ping_status":"open","sticky":false,"template":"","format":"image","meta":{"ngg_post_thumbnail":0,"jetpack_post_was_ever_published":false,"_jetpack_newsletter_access":"","_jetpack_newsletter_tier_id":0,"footnotes":""},"categories":[46,124,58,59,68,71],"tags":[],"acf":[],"jetpack_featured_media_url":"https:\/\/panorama-agro.com\/wp-content\/uploads\/2015\/02\/Agrotis-ipsilon-larva-John-Capinera-University-of-Florida-Bugwood.org_.jpg","jetpack_sharing_enabled":true,"jetpack_shortlink":"https:\/\/wp.me\/p5Aau3-7O","_links":{"self":[{"href":"https:\/\/panorama-agro.com\/index.php?rest_route=\/wp\/v2\/posts\/484"}],"collection":[{"href":"https:\/\/panorama-agro.com\/index.php?rest_route=\/wp\/v2\/posts"}],"about":[{"href":"https:\/\/panorama-agro.com\/index.php?rest_route=\/wp\/v2\/types\/post"}],"author":[{"embeddable":true,"href":"https:\/\/panorama-agro.com\/index.php?rest_route=\/wp\/v2\/users\/4"}],"replies":[{"embeddable":true,"href":"https:\/\/panorama-agro.com\/index.php?rest_route=%2Fwp%2Fv2%2Fcomments&post=484"}],"version-history":[{"count":12,"href":"https:\/\/panorama-agro.com\/index.php?rest_route=\/wp\/v2\/posts\/484\/revisions"}],"predecessor-version":[{"id":3892,"href":"https:\/\/panorama-agro.com\/index.php?rest_route=\/wp\/v2\/posts\/484\/revisions\/3892"}],"wp:featuredmedia":[{"embeddable":true,"href":"https:\/\/panorama-agro.com\/index.php?rest_route=\/wp\/v2\/media\/485"}],"wp:attachment":[{"href":"https:\/\/panorama-agro.com\/index.php?rest_route=%2Fwp%2Fv2%2Fmedia&parent=484"}],"wp:term":[{"taxonomy":"category","embeddable":true,"href":"https:\/\/panorama-agro.com\/index.php?rest_route=%2Fwp%2Fv2%2Fcategories&post=484"},{"taxonomy":"post_tag","embeddable":true,"href":"https:\/\/panorama-agro.com\/index.php?rest_route=%2Fwp%2Fv2%2Ftags&post=484"}],"curies":[{"name":"wp","href":"https:\/\/api.w.org\/{rel}","templated":true}]}}