{"id":669,"date":"2015-02-19T23:32:17","date_gmt":"2015-02-19T23:32:17","guid":{"rendered":"http:\/\/bancoinfo.panorama-agro.com\/?p=669"},"modified":"2017-10-20T16:35:27","modified_gmt":"2017-10-20T22:35:27","slug":"arana-roja-informacion","status":"publish","type":"post","link":"https:\/\/panorama-agro.com\/?p=669","title":{"rendered":"Ara\u00f1a roja &#8211; Informaci\u00f3n"},"content":{"rendered":"<p>La Ara\u00f1a Roja es un peque\u00f1o \u00e1caro chupador de savia, para el cultivo del ma\u00edz existen varios g\u00e9neros, pero las ara\u00f1as rojas, tanto del g\u00e9nero Tetranychus como las del g\u00e9nero Oligunychus son en realidad un complejo de especies que, en forma general, pueden tratarse como una sola; en el ma\u00edz encontrados dos g\u00e9neros: <em>Paratetranychus stickneyl<\/em> y <em>Tetranichus urticae<\/em>.<\/p>\n<h5>Caracter\u00edsticas<\/h5>\n<p>Estos \u00e1caros son unas ara\u00f1itas de color rojo de 0.5 a 1.0 mil\u00edmetros que apenas se ven a simple vista. Si se mira muy de cerca y con buena vista pueden verse correteando por dicho env\u00e9s.<\/p>\n<p>Es muy apropiado\u00a0 que no se alarguen los riegos, como por ejemplo el 1er. Auxilio se debe de dar entre los 45-50 d\u00edas despu\u00e9s de la siembra (durante el t\u00e9rmino de la etapa de desarrollo inicial e inicio del desarrollo vegetativo), el 3er. Auxilio 80-85 d\u00edas (durante el inicio de floraci\u00f3n).<\/p>\n<p>Existe un depredador\u00a0 natural de la ara\u00f1a roja que se llama Phytoseiulus persimilis es un fotoseido\u00a0 depredador\u00a0 utilizado en todo el mundo para el control biol\u00f3gico. Las hembras, con el cuerpo piriforme de color anaranjado brillante, son muy m\u00f3viles y ligeramente m\u00e1s grandes que la ara\u00f1a roja. Se caracteriza por su elevada capacidad de b\u00fasqueda y es capaz de explorar amplias superficies. El desarrollo en condiciones \u00f3ptimas es m\u00e1s r\u00e1pido que el de su presa. Hay cuatro veces m\u00e1s hembras que machos, la hembra pone sus huevos cerca o dentro de una colonia de ara\u00f1as rojas.<\/p>\n<p>Su dieta se compone casi exclusivamente de la ara\u00f1a roja, solamente si faltan, se comen a sus cong\u00e9neres. Un \u00e1caro adulto devora todos los estadios de la ara\u00f1a roja, aunque las ninfas se comen huevos y protoninfas. Cada d\u00eda un adulto se puede comer m\u00e1s o menos 20 larvas o huevos, 13 protoninfas o 5 adultos.<\/p>\n<h5>Reproducci\u00f3n<\/h5>\n<p>Una poblaci\u00f3n de ara\u00f1a roja puede desarrollarse muy r\u00e1pido, el macho es mas m\u00f3vil, mas peque\u00f1o y mas delgado que la hembra oval. La hembra pone su totalidad de huevos en 10 d\u00edas a 35 \u00ba C; con tiempo seco la ara\u00f1a roja puede desarrollarse r\u00e1pidamente hasta poner 100 huevos.<\/p>\n<p>En tiempo seco y c\u00e1lido, las infestaciones de ara\u00f1as rojas tienden a elevarse de forma considerable.<\/p>\n<h5>Sintomatolog\u00eda<\/h5>\n<p>La ara\u00f1a\u00a0 roja se instala en el env\u00e9s de la hoja aliment\u00e1ndose de jugo celular de la capa superficial de la misma (Chupa la savia de la planta). Los s\u00edntomas de la plaga pueden confundirse con alguna carencia mineral, ya que en las hojas aparece un ligero moteado verde claro o amarillo, pero si nos fijamos en el env\u00e9s de las hojas podemos observar unos diminutos \u00e1caros y sus huevos entre una fina mara\u00f1a o telara\u00f1a de seda pegada a las hojas. Al principio el s\u00edntoma mas com\u00fan son punteaduras decoloradas y matas y manchas amarillas, posteriormente se abarquillan, se secan y se caen. Hojas con clorosis y puntitos amarillentos y pardos. Las hojas afectadas presentan una zona amarillenta en el haz que se corresponde con la existencia de colonias en el env\u00e9s. Cuando hay muchos \u00e1caros atacando las distintas manchas se unen entre s\u00ed \u00a0y llegan a afectar toda la hoja, que acaba sec\u00e1ndose y cayendo.<\/p>\n<h5>Da\u00f1os<\/h5>\n<p>Consecuentemente la planta tiene menos clorofila a su disposici\u00f3n para el crecimiento, y pierde el equilibrio fisiol\u00f3gico, en infestaciones severas, las plantas quedan improductivas.<\/p>\n<p>En el cultivo del ma\u00edz, puede llegar a ocasionar p\u00e9rdidas econ\u00f3micas de consideraci\u00f3n; debido a cuando ataca, la planta se encuentra en inicio de floraci\u00f3n y llenado de grano, y en esas condiciones la deshidrataci\u00f3n que le causa al follaje se a\u00fana al calor y ocasiona un desarrollo raqu\u00edtico de la mazorca con los granos peque\u00f1os y con un peso especifico; puede llegar a ocasionar mermas de rendimiento de hasta un\u00a0 50%.<\/p>\n<h5>Control<\/h5>\n<p>Es una plaga que se reproduce con bastante rapidez e incluso resistente debido al desarrollo de\u00a0 cierta inmunidad de algunos agroqu\u00edmicos utilizados en su control.<\/p>\n<p>Un tratamiento preventivo es un manejo del cultivo adecuado para las condiciones de cada h\u00edbrido, como el \u00e1caro de la ara\u00f1a roja sobrevive mejor en temperaturas elevadas (&gt; de 30 \u00ba) y un ambiente seco se recomienda mantener el suelo h\u00famedo, para mantener la temperatura lo mas bajo posible y un cierto grado de humedad.<\/p>\n<p>Un m\u00e9todo para contrarrestar eficazmente la presencia de \u00e1caros, es la combinaci\u00f3n de insecticidas con \u00e1cidos grasos o aceites minerales en aplicaciones totales.<\/p>\n<p>La ara\u00f1a roja es un \u00e1caro de ocho patas, un abdomen y cabezas, tienen una caracter\u00edstica peculiar en cuanto a su color, es verde claro y con dos manchas negras durante el verano, en sus fases de desarrollo presenta distintos coloridos como blanquecino, amarillento, rojo-pardo y verdoso, dependiendo de la planta y \u00e9poca del a\u00f1o, generalmente se aparece desde el inicio de la primavera y prolifera en ambientes c\u00e1lidos y secos; tambi\u00e9n ataca con mayor frecuencia a las plantas debilitadas causadas por estr\u00e9s ( fertilizaci\u00f3n escasa y riegos retrasados y alargados).<\/p>\n<h5>Taxonom\u00eda<\/h5>\n<p><strong>Reino:<\/strong> Animalia<br \/>\n<strong>Phylum:<\/strong> Arthropoda<br \/>\n<strong>Clase:<\/strong> Arachnida<br \/>\n<strong>Orden:<\/strong> Prostigmata<br \/>\n<strong>Familia:<\/strong> Tetranychidae<br \/>\n<strong>G\u00e9nero:<\/strong> Tetranychus<br \/>\n<strong>Especie:<\/strong> T. urticae<\/p>\n","protected":false},"excerpt":{"rendered":"<p>La Ara\u00f1a Roja es un peque\u00f1o \u00e1caro chupador de savia, para el cultivo del ma\u00edz existen varios g\u00e9neros, pero las ara\u00f1as rojas, tanto del g\u00e9nero Tetranychus<span class=\"excerpt-hellip\"> [\u2026]<\/span><\/p>\n","protected":false},"author":4,"featured_media":670,"comment_status":"open","ping_status":"open","sticky":false,"template":"","format":"standard","meta":{"ngg_post_thumbnail":0,"jetpack_post_was_ever_published":false,"_jetpack_newsletter_access":"","_jetpack_newsletter_tier_id":0,"footnotes":""},"categories":[46,68],"tags":[],"acf":[],"jetpack_featured_media_url":"https:\/\/panorama-agro.com\/wp-content\/uploads\/2015\/02\/Tetranychus-urticae-David-Cappaert-Michigan-State-University-Bugwood.org_.jpg","jetpack_sharing_enabled":true,"jetpack_shortlink":"https:\/\/wp.me\/p5Aau3-aN","_links":{"self":[{"href":"https:\/\/panorama-agro.com\/index.php?rest_route=\/wp\/v2\/posts\/669"}],"collection":[{"href":"https:\/\/panorama-agro.com\/index.php?rest_route=\/wp\/v2\/posts"}],"about":[{"href":"https:\/\/panorama-agro.com\/index.php?rest_route=\/wp\/v2\/types\/post"}],"author":[{"embeddable":true,"href":"https:\/\/panorama-agro.com\/index.php?rest_route=\/wp\/v2\/users\/4"}],"replies":[{"embeddable":true,"href":"https:\/\/panorama-agro.com\/index.php?rest_route=%2Fwp%2Fv2%2Fcomments&post=669"}],"version-history":[{"count":3,"href":"https:\/\/panorama-agro.com\/index.php?rest_route=\/wp\/v2\/posts\/669\/revisions"}],"predecessor-version":[{"id":687,"href":"https:\/\/panorama-agro.com\/index.php?rest_route=\/wp\/v2\/posts\/669\/revisions\/687"}],"wp:featuredmedia":[{"embeddable":true,"href":"https:\/\/panorama-agro.com\/index.php?rest_route=\/wp\/v2\/media\/670"}],"wp:attachment":[{"href":"https:\/\/panorama-agro.com\/index.php?rest_route=%2Fwp%2Fv2%2Fmedia&parent=669"}],"wp:term":[{"taxonomy":"category","embeddable":true,"href":"https:\/\/panorama-agro.com\/index.php?rest_route=%2Fwp%2Fv2%2Fcategories&post=669"},{"taxonomy":"post_tag","embeddable":true,"href":"https:\/\/panorama-agro.com\/index.php?rest_route=%2Fwp%2Fv2%2Ftags&post=669"}],"curies":[{"name":"wp","href":"https:\/\/api.w.org\/{rel}","templated":true}]}}