{"id":760,"date":"2015-02-20T18:18:52","date_gmt":"2015-02-21T01:18:52","guid":{"rendered":"http:\/\/bancoinfo.panorama-agro.com\/?p=760"},"modified":"2015-02-20T18:24:54","modified_gmt":"2015-02-21T01:24:54","slug":"pudricion-por-antracnosis-informacion","status":"publish","type":"post","link":"https:\/\/panorama-agro.com\/?p=760","title":{"rendered":"Pudrici\u00f3n por antracnosis &#8211; Informaci\u00f3n"},"content":{"rendered":"<p>La pudrici\u00f3n por antracnosis es una enfermedad f\u00fangica que afecta al ma\u00edz y al sorgo.<\/p>\n<p>El hongo inverna en restos de hojas y tallos infectados, y produce esporas en el verano cuando las temperaturas aumentan. La producci\u00f3n de esporas se ve favorecida por humedades relativas altas y temperaturas que oscilan entre 21 y 27 \u00b0C. Estas se dispersan por el viento y las lluvias. En el ma\u00edz, la antracnosis puede infectar dos lugares de la planta: el tallo y las hojas.<\/p>\n<p>La infecci\u00f3n se puede propagar desde las hojas hacia los tallos o el tallo se puede infectar a trav\u00e9s de las ra\u00edces.<\/p>\n<h5>Infecci\u00f3n foliar<\/h5>\n<p>La marchitez de las hojas por antracnosis es com\u00fan en etapas tempranas cuando quedaron residuos de cultivo de ma\u00edz de a\u00f1os anteriores.<\/p>\n<p>La infecci\u00f3n ocurre cuando la lluvia salpica las esporas sobre las pl\u00e1ntulas. Sobre la infecci\u00f3n, se presentan puntos redondos irregulares de apariencia turbia que despu\u00e9s se vuelven de color amarillento. M\u00e1s tarde se tornan color caf\u00e9 con contornos rojizos-caf\u00e9s. Los puntos se elongan y terminan uni\u00e9ndose.<\/p>\n<p>En casos severos las puntas de las hojas o la hoja entera se vuelve amarilla. Aunque la antracnosis es com\u00fan en las pl\u00e1ntulas, \u00e9stas tienden a resistir la marchitez de la hoja durante el desarrollo vegetativo vigoroso. Sin embargo, durante la etapa de llenado las plantas se vuelven susceptibles a las pudriciones de tallo.<\/p>\n<h5>S\u00edntomas<\/h5>\n<p><strong>Pudrici\u00f3n del tallo:<\/strong> Esta fase se puede iniciar por la infecci\u00f3n de pl\u00e1ntulas o por esporas provenientes de los residuos. Estas esporas infectan el tallo a trav\u00e9s de las ra\u00edces, por la base de la planta, por lesiones causadas por insectos u otras lesiones mec\u00e1nicas.<\/p>\n<p>Las lesiones en los tallos aparecen de forma ovalada o \u00e1reas estrechas y verticales con apariencia turbia que empiezan de color rojizo-caf\u00e9 y despu\u00e9s se tornan negras. Una caracter\u00edstica que distingue a esta enfermedad es que las manchas negras brillantes se unen dando un aspecto de manchas apetroladas. La forma ideal para examinar las plantas es quitando las hojas de la parte baja del tallo, y partiendo el mismo en forma longitudinal para poder observar el tejido medular afectado. El tejido enfermo es de color oscuro y los nudos del tallo permanecen intactos.<\/p>\n<p><strong>Top-dieback:<\/strong> es un s\u00edntoma com\u00fan asociado a la pudrici\u00f3n de tallos. Dos o tres semanas despu\u00e9s de la polinizaci\u00f3n, las plantas que est\u00e1n afectadas comienzan a secarse en la parte superior. Las hojas superiores se tornan amarillentas o de color rojizo-morado y despu\u00e9s caf\u00e9.<\/p>\n<p>Estos s\u00edntomas se confunden a menudo con los s\u00edntomas que causa el barrenador del ma\u00edz, cuando este barrena en partes altas de la planta. Sin embargo, cuando se quitan las hojas se pueden observar las manchas t\u00edpicas de la antracnosis en la parte inferior del tallo y los tejidos de la parte interna del mismo se pudren.<\/p>\n<p>El secado progresivo de la parte superior de la planta (top-dieback) se debe a la destrucci\u00f3n de tejidos de la m\u00e9dula en la base del tallo (entrenudos m\u00e1s cercanos a la ra\u00edz). Esto produce una reducci\u00f3n de la capacidad de conducir agua y nutrientes a trav\u00e9s de los haces vasculares hacia las partes m\u00e1s alejadas (entrenudos cercanos a la panoja) y debido a ello la planta comienza a secarse de arriba hacia abajo.<\/p>\n<h5>Taxonom\u00eda<\/h5>\n<p><strong>Reino:<\/strong> Fungi<br \/>\n<strong>Phylum:<\/strong> Ascomycota<br \/>\n<strong>Clase:<\/strong> Sordariomycetes<br \/>\n<strong>Orden:<\/strong> Phyllachorales<br \/>\n<strong>Familia:<\/strong> Phyllachoraceae<br \/>\n<strong>G\u00e9nero:<\/strong> Colletotrichum<br \/>\n<strong>Especie:<\/strong> C. graminicola<\/p>\n","protected":false},"excerpt":{"rendered":"<p>La pudrici\u00f3n por antracnosis es una enfermedad f\u00fangica que afecta al ma\u00edz y al sorgo. El hongo inverna en restos de hojas y tallos infectados, y<span class=\"excerpt-hellip\"> [\u2026]<\/span><\/p>\n","protected":false},"author":4,"featured_media":761,"comment_status":"open","ping_status":"open","sticky":false,"template":"","format":"image","meta":{"ngg_post_thumbnail":0,"jetpack_post_was_ever_published":false,"_jetpack_newsletter_access":"","_jetpack_newsletter_tier_id":0,"footnotes":""},"categories":[47,69],"tags":[],"acf":[],"jetpack_featured_media_url":"https:\/\/panorama-agro.com\/wp-content\/uploads\/2015\/02\/Maiz-Colletotrichum-graminicola-J.C.-Wells-North-Carolina-State-University-Bugwood.org_.jpg","jetpack_sharing_enabled":true,"jetpack_shortlink":"https:\/\/wp.me\/p5Aau3-cg","_links":{"self":[{"href":"https:\/\/panorama-agro.com\/index.php?rest_route=\/wp\/v2\/posts\/760"}],"collection":[{"href":"https:\/\/panorama-agro.com\/index.php?rest_route=\/wp\/v2\/posts"}],"about":[{"href":"https:\/\/panorama-agro.com\/index.php?rest_route=\/wp\/v2\/types\/post"}],"author":[{"embeddable":true,"href":"https:\/\/panorama-agro.com\/index.php?rest_route=\/wp\/v2\/users\/4"}],"replies":[{"embeddable":true,"href":"https:\/\/panorama-agro.com\/index.php?rest_route=%2Fwp%2Fv2%2Fcomments&post=760"}],"version-history":[{"count":3,"href":"https:\/\/panorama-agro.com\/index.php?rest_route=\/wp\/v2\/posts\/760\/revisions"}],"predecessor-version":[{"id":764,"href":"https:\/\/panorama-agro.com\/index.php?rest_route=\/wp\/v2\/posts\/760\/revisions\/764"}],"wp:featuredmedia":[{"embeddable":true,"href":"https:\/\/panorama-agro.com\/index.php?rest_route=\/wp\/v2\/media\/761"}],"wp:attachment":[{"href":"https:\/\/panorama-agro.com\/index.php?rest_route=%2Fwp%2Fv2%2Fmedia&parent=760"}],"wp:term":[{"taxonomy":"category","embeddable":true,"href":"https:\/\/panorama-agro.com\/index.php?rest_route=%2Fwp%2Fv2%2Fcategories&post=760"},{"taxonomy":"post_tag","embeddable":true,"href":"https:\/\/panorama-agro.com\/index.php?rest_route=%2Fwp%2Fv2%2Ftags&post=760"}],"curies":[{"name":"wp","href":"https:\/\/api.w.org\/{rel}","templated":true}]}}