{"id":790,"date":"2015-02-21T13:01:51","date_gmt":"2015-02-21T20:01:51","guid":{"rendered":"http:\/\/bancoinfo.panorama-agro.com\/?p=790"},"modified":"2015-03-25T10:22:09","modified_gmt":"2015-03-25T17:22:09","slug":"pudricion-del-tallo-por-giberela-informacion","status":"publish","type":"post","link":"https:\/\/panorama-agro.com\/?p=790","title":{"rendered":"Pudrici\u00f3n del tallo por Giberela &#8211; Informaci\u00f3n"},"content":{"rendered":"<h5>Sintomatolog\u00eda<\/h5>\n<p>Exceptuando el follaje, ataca todas las partes de la planta en los distintos estadios del desarrollo.<br \/>\nEn pre emergencia y emergencia, produce la muerte de la planta antes de emerger. En post emergencia ataca a ra\u00edces y cuello de las plantitas o plantas adulta y produce tiz\u00f3n en nudos y espigas. El hongo puede alcanzar el interior del tallo predisponiendo las plantas al acame.<\/p>\n<p>En la espiga se ha observado sobre trigo y cebada. En el primero algunas espiguillas se secan prematuramente sin haber llegado a formarse el grano. En el caso de la cebada la infecci\u00f3n se manifiesta por peque\u00f1as manchas de color pardo en la base o en el centro de las glumelas o directamente sobre el raquis. Los granos formados en esas espigas resultan chuzos y con manchas.<\/p>\n<p>Produce podredumbre de la ra\u00edz y base del tallo del ma\u00edz, pudiendo atacar las espigas, en las cuales causa una podredumbre rojiza, que comienza en la punta y progresa hacia la base, pero rara vez alcanza a pudrir toda la espiga.<\/p>\n<h5>Propagaci\u00f3n<\/h5>\n<p>La perpetuaci\u00f3n puede realizarse por medio del micelio alojado en los granos, glumas y restos vegetales en la siembra, por el micelio que sobrevive en los tejidos muertos en el suelo o por la forma perit\u00e9cica que se encuentra en el rastrojo del cultivo del a\u00f1o anterior.<\/p>\n<h5>Hospederos<\/h5>\n<p>Trigo, cebada, centeno, avena, ma\u00edz.<\/p>\n<h5>Distribuci\u00f3n<\/h5>\n<p>En todo el mundo.<\/p>\n<h5>Condiciones predisponentes<\/h5>\n<p>Los a\u00f1os lluviosos o las primaveras h\u00famedas y m\u00e1s o menos calurosas, son las m\u00e1s favorables.<\/p>\n<h5>Control cultural<\/h5>\n<p>Semilla sana, rotaci\u00f3n de cultivos.<\/p>\n<p>&nbsp;<\/p>\n","protected":false},"excerpt":{"rendered":"<p>Sintomatolog\u00eda Exceptuando el follaje, ataca todas las partes de la planta en los distintos estadios del desarrollo. En pre emergencia y emergencia, produce la muerte de<span class=\"excerpt-hellip\"> [\u2026]<\/span><\/p>\n","protected":false},"author":4,"featured_media":791,"comment_status":"open","ping_status":"open","sticky":false,"template":"","format":"image","meta":{"ngg_post_thumbnail":0,"jetpack_post_was_ever_published":false,"_jetpack_newsletter_access":"","_jetpack_newsletter_tier_id":0,"footnotes":""},"categories":[47,69],"tags":[],"acf":[],"jetpack_featured_media_url":"https:\/\/panorama-agro.com\/wp-content\/uploads\/2015\/02\/Maiz-Gibberella-zeae.jpg","jetpack_sharing_enabled":true,"jetpack_shortlink":"https:\/\/wp.me\/p5Aau3-cK","_links":{"self":[{"href":"https:\/\/panorama-agro.com\/index.php?rest_route=\/wp\/v2\/posts\/790"}],"collection":[{"href":"https:\/\/panorama-agro.com\/index.php?rest_route=\/wp\/v2\/posts"}],"about":[{"href":"https:\/\/panorama-agro.com\/index.php?rest_route=\/wp\/v2\/types\/post"}],"author":[{"embeddable":true,"href":"https:\/\/panorama-agro.com\/index.php?rest_route=\/wp\/v2\/users\/4"}],"replies":[{"embeddable":true,"href":"https:\/\/panorama-agro.com\/index.php?rest_route=%2Fwp%2Fv2%2Fcomments&post=790"}],"version-history":[{"count":3,"href":"https:\/\/panorama-agro.com\/index.php?rest_route=\/wp\/v2\/posts\/790\/revisions"}],"predecessor-version":[{"id":1570,"href":"https:\/\/panorama-agro.com\/index.php?rest_route=\/wp\/v2\/posts\/790\/revisions\/1570"}],"wp:featuredmedia":[{"embeddable":true,"href":"https:\/\/panorama-agro.com\/index.php?rest_route=\/wp\/v2\/media\/791"}],"wp:attachment":[{"href":"https:\/\/panorama-agro.com\/index.php?rest_route=%2Fwp%2Fv2%2Fmedia&parent=790"}],"wp:term":[{"taxonomy":"category","embeddable":true,"href":"https:\/\/panorama-agro.com\/index.php?rest_route=%2Fwp%2Fv2%2Fcategories&post=790"},{"taxonomy":"post_tag","embeddable":true,"href":"https:\/\/panorama-agro.com\/index.php?rest_route=%2Fwp%2Fv2%2Ftags&post=790"}],"curies":[{"name":"wp","href":"https:\/\/api.w.org\/{rel}","templated":true}]}}