{"id":893,"date":"1994-07-01T00:00:04","date_gmt":"1994-07-01T07:00:04","guid":{"rendered":"http:\/\/bancoinfo.panorama-agro.com\/?p=893"},"modified":"2015-02-25T13:43:06","modified_gmt":"2015-02-25T20:43:06","slug":"identifique-las-enfermedades-del-maiz","status":"publish","type":"post","link":"https:\/\/panorama-agro.com\/?p=893","title":{"rendered":"Identifique las enfermedades del ma\u00edz"},"content":{"rendered":"<p>El explosivo incremento en las superficies sembradas de ma\u00edz en Sinaloa, donde el cultivo se establece pr\u00e1cticamente durante todo el a\u00f1o est\u00e1 generando condiciones favorables para el desarrollo de algunas enfermedades que si antes no eran importantes hoy representan un peligro potencial porque pat\u00f3genos y vectores tienen acceso permanente a hospederas disponibles.<\/p>\n<p>Este art\u00edculo resume la informaci\u00f3n generada por el Campo Experimental Valle del Fuerte en una publicaci\u00f3n preparada por el M. C. Javier Mac\u00edas Cervantes y el Ing. Salvador Peraza Medina.<\/p>\n<p>Las principales enfermedades son: Pudrici\u00f3n del Tallo, Achaparramiento u Hoja Colorada, Roya o Chahuixtle, Carb\u00f3n Com\u00fan, Tiz\u00f3n Foliar, Mancha Foliar, Mancha Caf\u00e9, Rayado Fino y Pudrici\u00f3n de Mazorca, las cuales se describen a continuaci\u00f3n.<\/p>\n<p><strong>Achaparramiento u hoja Colorada. <\/strong>Es causada por un organismo parecido a micoplasma denominado <em>Spiroplasma kunkelli<\/em> y se ha presentado en diferentes grados de incidencia en los \u00faltimos a\u00f1os, debido a la alta poblaci\u00f3n de vectores, principalmente chicharritas.<\/p>\n<div id=\"attachment_710\" style=\"width: 460px\" class=\"wp-caption aligncenter\"><a href=\"http:\/\/bancoinfo.panorama-agro.com\/wp-content\/uploads\/2015\/02\/Maiz-Spiroplasma-kunkelii-Achaparramiento-Clemson-University-USDA-Cooperative-Extension-Slide-Series-Bugwood.org_.jpg\"><img aria-describedby=\"caption-attachment-710\" decoding=\"async\" loading=\"lazy\" class=\"wp-image-710 size-medium\" src=\"http:\/\/bancoinfo.panorama-agro.com\/wp-content\/uploads\/2015\/02\/Maiz-Spiroplasma-kunkelii-Achaparramiento-Clemson-University-USDA-Cooperative-Extension-Slide-Series-Bugwood.org_-450x450.jpg\" alt=\"Maiz - Spiroplasma kunkelii - Achaparramiento - Clemson University - USDA Cooperative Extension Slide Series, Bugwood.org\" width=\"450\" height=\"450\" srcset=\"https:\/\/panorama-agro.com\/wp-content\/uploads\/2015\/02\/Maiz-Spiroplasma-kunkelii-Achaparramiento-Clemson-University-USDA-Cooperative-Extension-Slide-Series-Bugwood.org_-450x450.jpg 450w, https:\/\/panorama-agro.com\/wp-content\/uploads\/2015\/02\/Maiz-Spiroplasma-kunkelii-Achaparramiento-Clemson-University-USDA-Cooperative-Extension-Slide-Series-Bugwood.org_-150x150.jpg 150w, https:\/\/panorama-agro.com\/wp-content\/uploads\/2015\/02\/Maiz-Spiroplasma-kunkelii-Achaparramiento-Clemson-University-USDA-Cooperative-Extension-Slide-Series-Bugwood.org_.jpg 1600w, https:\/\/panorama-agro.com\/wp-content\/uploads\/2015\/02\/Maiz-Spiroplasma-kunkelii-Achaparramiento-Clemson-University-USDA-Cooperative-Extension-Slide-Series-Bugwood.org_-720x720.jpg 720w\" sizes=\"(max-width:767px) 450px, 450px\" \/><\/a><p id=\"caption-attachment-710\" class=\"wp-caption-text\">Achaparramiento del ma\u00edz (Clemson University &#8211; USDA Cooperative Extension Slide Series, Bugwood.org)<\/p><\/div>\n<p>Las plantas presentan un amarillamiento, seguido de una coloraci\u00f3n p\u00farpura en las hojas. Si la infecci\u00f3n ocurre cuando las plantas tienen 4 a 5 hojas verdaderas es m\u00e1s severa y adem\u00e1s ocasiona acortamiento de entrenudos y proliferaci\u00f3n de brotes o hijuelos y jilotes, que por lo general no llegan a producir.<\/p>\n<p>Las siembras m\u00e1s afectadas son las de agosto y septiembre. El tratamiento con insecticida sist\u00e9mico a la semilla para el control de trozadores, podr\u00eda ofrecer protecci\u00f3n en las etapas iniciales de desarrollo del cultivo.<\/p>\n<p><strong>Roya o Chahuixtle. <\/strong>Esta enfermedad es causada por el hongo <em>Puccinia polysora <\/em>que se manifiesta como p\u00fastulas peque\u00f1as y redondas en el haz y el env\u00e9s de las hojas, donde se aprecia un polvillo caf\u00e9 o rojizo que luego se obscurecen hasta llegar a negro.<\/p>\n<p><strong>FOTO AQUI<\/strong><\/p>\n<p>Cuando existen condiciones c\u00e1lidas y h\u00famedas la infecci\u00f3n es m\u00e1s severa, iniciando generalmente en las hojas inferiores. A temperaturas de 16 a 23 grados cent\u00edgrados y humedad relativa alta puede invadir las hojas superiores y afectar el rendimiento. Si esto ocurre durante el per\u00edodo de floraci\u00f3n, se pueden aplicar fungicidas a base de tridimenol, triadimef\u00f3n u otros, en las dosis sugeridas.<\/p>\n<p><strong>Carb\u00f3n Com\u00fan. <\/strong>Es la enfermedad m\u00e1s t\u00edpica del ma\u00edz en M\u00e9xico, causada por el hongo <em>Ustilago maydis<\/em> que infecta el follaje y partes reproductivas, donde produce agallas o tumoraciones cubiertas por una membrana de color blanco brillante. En el elote, las agallas sustituyen por completo los granos y rompen las br\u00e1cteas.<\/p>\n<div id=\"attachment_720\" style=\"width: 460px\" class=\"wp-caption aligncenter\"><a href=\"http:\/\/bancoinfo.panorama-agro.com\/wp-content\/uploads\/2015\/02\/Ustilago-maydis-Howard-F.-Schwartz-Colorado-State-University-Bugwood.org_.jpg\"><img aria-describedby=\"caption-attachment-720\" decoding=\"async\" loading=\"lazy\" class=\"wp-image-720 size-medium\" src=\"http:\/\/bancoinfo.panorama-agro.com\/wp-content\/uploads\/2015\/02\/Ustilago-maydis-Howard-F.-Schwartz-Colorado-State-University-Bugwood.org_-450x304.jpg\" alt=\"Ustilago maydis - Howard F. Schwartz, Colorado State University, Bugwood.org\" width=\"450\" height=\"304\" srcset=\"https:\/\/panorama-agro.com\/wp-content\/uploads\/2015\/02\/Ustilago-maydis-Howard-F.-Schwartz-Colorado-State-University-Bugwood.org_-450x304.jpg 450w, https:\/\/panorama-agro.com\/wp-content\/uploads\/2015\/02\/Ustilago-maydis-Howard-F.-Schwartz-Colorado-State-University-Bugwood.org_.jpg 1600w, https:\/\/panorama-agro.com\/wp-content\/uploads\/2015\/02\/Ustilago-maydis-Howard-F.-Schwartz-Colorado-State-University-Bugwood.org_-720x487.jpg 720w\" sizes=\"(max-width:767px) 450px, 450px\" \/><\/a><p id=\"caption-attachment-720\" class=\"wp-caption-text\">Carb\u00f3n com\u00fan (Howard F. Schwartz, Colorado State University, Bugwood.org)<\/p><\/div>\n<p>Se deben evitar da\u00f1os mec\u00e1nicos a la planta por implementos mec\u00e1nicos o por insectos. Es conveniente no sobrefertilizar con nitr\u00f3geno porque ello predispone a la planta a la infecci\u00f3n.<\/p>\n<p><strong>Tizones Foliares. <\/strong>Causada por el hongo <em>Helmithosporium<\/em>, de las especies <em>H. Maidis<\/em> y <em>H. Carbonum<\/em> cuyo da\u00f1o es m\u00e1s severo cuando las condiciones de humedad cercanas al 100 por ciento, llegando a producir p\u00e9rdidas hasta del 30% si la infecci\u00f3n es previa a la floraci\u00f3n.<\/p>\n<p>Las lesiones que producen son color parduzco y si las manchas llegan a juntarse ocasionan que la planta presente un aspecto similar a quemaduras.<\/p>\n<p>La infecci\u00f3n progresa a temperaturas de 20 a 30 grados y humedad relativa alta, pero el tiempo soleado y seco es desfavorable a la enfermedad.<\/p>\n<p><strong>Mancha Foliar por Curvularia.<\/strong> Causada por <em>Curvularia lunata<\/em> y<em> C. pallescens<\/em> que se manifiesta como manchas peque\u00f1as, clor\u00f3ticas y necr\u00f3ticas rodeadas por un halo p\u00e1lido, dando la apariencia de contener un anillo oscuro.<\/p>\n<p>No se necesitan medidas de control.<\/p>\n<p><strong>Mancha caf\u00e9 o Peca.<\/strong> Causada por el hongo<em> Physoderma maydis <\/em>que provoca manchas circulares de color caf\u00e9 oscuro en nudos y entrenudos, as\u00ed como en las hojas, vainas de \u00e9stas y las br\u00e1cteas.<\/p>\n<p>La humedad ambiental alta y temperaturas en el rango de 20 a 30 grados cent\u00edgrados son favorables para que la enfermedad se desarrolle, sobre todo si el tejido infectado es joven y tierno.<\/p>\n<p>No requiere medidas de control.<\/p>\n<p><strong>Pudrici\u00f3n del Tallo. <\/strong>Es causada por hongos de los g\u00e9neros <em>Fusarium, Diplodia, Pythium, Macrophomina<\/em> y otros, pero se considera m\u00e1s frecuente a Fusarium.<\/p>\n<div id=\"attachment_751\" style=\"width: 350px\" class=\"wp-caption aligncenter\"><a href=\"http:\/\/bancoinfo.panorama-agro.com\/wp-content\/uploads\/2015\/02\/Maiz-Fusarium-sp-tallos-quebrados-e1424480324523.jpg\"><img aria-describedby=\"caption-attachment-751\" decoding=\"async\" loading=\"lazy\" class=\"wp-image-751 size-medium\" src=\"http:\/\/bancoinfo.panorama-agro.com\/wp-content\/uploads\/2015\/02\/Maiz-Fusarium-sp-tallos-quebrados-e1424480324523-340x450.jpg\" alt=\"Maiz - Fusarium sp - tallos quebrados\" width=\"340\" height=\"450\" srcset=\"https:\/\/panorama-agro.com\/wp-content\/uploads\/2015\/02\/Maiz-Fusarium-sp-tallos-quebrados-e1424480324523-340x450.jpg 340w, https:\/\/panorama-agro.com\/wp-content\/uploads\/2015\/02\/Maiz-Fusarium-sp-tallos-quebrados-e1424480324523.jpg 594w\" sizes=\"(max-width:767px) 340px, 340px\" \/><\/a><p id=\"caption-attachment-751\" class=\"wp-caption-text\">Da\u00f1o en tallo por Fusarium<\/p><\/div>\n<p>En los \u00faltimos a\u00f1os esta enfermedad se ha presentado con incidencia variable, llegando a fuerte. Se presenta un marchitamiento total de la planta, seguido de un r\u00e1pido secamiento. Como el complejo de hongos da\u00f1an al tallo, en la base de la planta, el peso de la mazorca y el viento fuerte ocasionan que las plantas se acamen y en consecuencia la trilladora no las pueda levantar durante la cosecha, traduci\u00e9ndose en p\u00e9rdidas.<\/p>\n<p>La prevenci\u00f3n incluye uso de semilla sana, tratarla con fungicida y control adecuado de insectos plaga del suelo. Se deben evitar riegos pesados.<\/p>\n<p><strong>Pudrici\u00f3n de Mazorcas. <\/strong>Causada por hongos de los g\u00e9neros <em>Fusarium, Penicillium, Aspergillus, Macrophomina, Batriodiplodia y Giberella<\/em>. A estos pat\u00f3genos se atribuye hasta el 60% por pudrici\u00f3n de mazorcas, adem\u00e1s de producci\u00f3n de toxinas que en el caso de <em>Aspergillus y Giberella<\/em>, limita la calidad del grano y su uso para alimentaci\u00f3n humana o animal.<\/p>\n<p>Las esporas son f\u00e1cilmente transportadas por el viento que las coloca sobre la superficie de la mazorca. Cuando el clima es c\u00e1lido h\u00famedo, progresan r\u00e1pidamente.<\/p>\n<p><strong>Marchitez de Stewart<\/strong>. El pat\u00f3geno asociado con esta enfermedad es la bacteria <em>Erwinia stewartii<\/em> que provoca que las plantas afectadas muestren un desarrollo raqu\u00edtico. La bacteria se transmite f\u00e1cilmente por semilla.<\/p>\n<p><strong>Rayado fino. <\/strong>La apariencia inicial de la planta muestra unas manchas clor\u00f3ticas peque\u00f1as y aisladas f\u00e1cilmente observables a la luz. El virus que causa esta enfermedad es transmitido por la chicharrita por lo que las medidas de control son similares a las que se sugieren contra el achaparramiento.<\/p>\n","protected":false},"excerpt":{"rendered":"<p>El explosivo incremento en las superficies sembradas de ma\u00edz en Sinaloa, donde el cultivo se establece pr\u00e1cticamente durante todo el a\u00f1o est\u00e1 generando condiciones favorables para<span class=\"excerpt-hellip\"> [\u2026]<\/span><\/p>\n","protected":false},"author":4,"featured_media":0,"comment_status":"open","ping_status":"open","sticky":false,"template":"","format":"image","meta":{"ngg_post_thumbnail":0,"jetpack_post_was_ever_published":false,"_jetpack_newsletter_access":"","_jetpack_newsletter_tier_id":0,"footnotes":""},"categories":[5],"tags":[],"acf":[],"jetpack_featured_media_url":"","jetpack_sharing_enabled":true,"jetpack_shortlink":"https:\/\/wp.me\/p5Aau3-ep","_links":{"self":[{"href":"https:\/\/panorama-agro.com\/index.php?rest_route=\/wp\/v2\/posts\/893"}],"collection":[{"href":"https:\/\/panorama-agro.com\/index.php?rest_route=\/wp\/v2\/posts"}],"about":[{"href":"https:\/\/panorama-agro.com\/index.php?rest_route=\/wp\/v2\/types\/post"}],"author":[{"embeddable":true,"href":"https:\/\/panorama-agro.com\/index.php?rest_route=\/wp\/v2\/users\/4"}],"replies":[{"embeddable":true,"href":"https:\/\/panorama-agro.com\/index.php?rest_route=%2Fwp%2Fv2%2Fcomments&post=893"}],"version-history":[{"count":6,"href":"https:\/\/panorama-agro.com\/index.php?rest_route=\/wp\/v2\/posts\/893\/revisions"}],"predecessor-version":[{"id":974,"href":"https:\/\/panorama-agro.com\/index.php?rest_route=\/wp\/v2\/posts\/893\/revisions\/974"}],"wp:attachment":[{"href":"https:\/\/panorama-agro.com\/index.php?rest_route=%2Fwp%2Fv2%2Fmedia&parent=893"}],"wp:term":[{"taxonomy":"category","embeddable":true,"href":"https:\/\/panorama-agro.com\/index.php?rest_route=%2Fwp%2Fv2%2Fcategories&post=893"},{"taxonomy":"post_tag","embeddable":true,"href":"https:\/\/panorama-agro.com\/index.php?rest_route=%2Fwp%2Fv2%2Ftags&post=893"}],"curies":[{"name":"wp","href":"https:\/\/api.w.org\/{rel}","templated":true}]}}