{"id":985,"date":"1995-01-01T00:00:31","date_gmt":"1995-01-01T07:00:31","guid":{"rendered":"http:\/\/bancoinfo.panorama-agro.com\/?p=985"},"modified":"2015-02-25T16:54:31","modified_gmt":"2015-02-25T23:54:31","slug":"maiz-de-primavera-2","status":"publish","type":"post","link":"https:\/\/panorama-agro.com\/?p=985","title":{"rendered":"Ma\u00edz de primavera"},"content":{"rendered":"<p class=\"ContentText\" align=\"justify\">A pesar de las zancadillas que una y mil veces han puesto los funcionarios de las dependencias del ramo agropecuario, los productores de ma\u00edz no han cedido.<\/p>\n<p class=\"ContentText\" align=\"justify\">Igual siembran en septiembre que en diciembre, en febrero que en junio, pues saben que aun con la tendencia a la baja que presentan los precios de este b\u00e1sico, todav\u00eda sujeto a control oficial, es el \u00fanico o uno de los pocos cultivos en donde pueden aspirar a mejores rendimientos, porque la investigaci\u00f3n gen\u00e9tica para formaci\u00f3n de nuevas variedades e h\u00edbridos y de tecnolog\u00eda de manejo, hacen previsible una frontera de rendimientos aun no explorada.<\/p>\n<p class=\"ContentText\" align=\"justify\">Pero es un hecho que no todos lo h\u00edbridos ofrecen el mismo potencial de rendimiento, cuando se siembran en diferentes temporadas y condiciones de clima, suelo y manejo.<\/p>\n<p class=\"ContentText\" align=\"justify\">En este art\u00edculo presentamos informaci\u00f3n de especialistas en ma\u00edz sobre los aspectos m\u00e1s relevantes de la tecnolog\u00eda de producci\u00f3n y manejo para este ciclo de primavera, cuyo per\u00edodo de siembra oficialmente reconocido por el Campo Experimental Valle del Fuerte, de la SARH, comprende del 15 de enero al 28 de febrero.<\/p>\n<h5 class=\"contentTitle\" align=\"justify\">Tipos de suelo<\/h5>\n<p class=\"ContentText\" align=\"justify\">El ma\u00edz es considerado una planta sensible a deficiencias de ox\u00edgeno, por lo que prospera mejor en suelos bien drenados o moderadamente bien drenados y por ser sensible a la salinidad requiere de suelo con conductividad el\u00e9ctrica menor a 2 mmhos\/cm.<\/p>\n<p class=\"ContentText\" align=\"justify\">Las texturas m\u00e1s adecuadas son: suelo franco, Franco-limoso, franco-arcillo-limoso, franco-arcillo-arenoso y franco-arcilloso.<\/p>\n<p class=\"ContentText\" align=\"justify\">Estos tipos de suelos son los predominanates en la regi\u00f3n Norte de Sinaloa, por lo que salvo en aquellos terrenos con marcada tendencia a la salinidad, en el resto de la superficie regional el ma\u00edz se puede establecer con buenas perspectivas de producci\u00f3n.<\/p>\n<p class=\"ContentText\" align=\"justify\">Adicionalmente se requiere que la pendiente oscile entre 0 a 8%, con profundidad de 50 cent\u00edmetros en adelante.<\/p>\n<p class=\"ContentText\" align=\"justify\">El pH \u00f3ptimo del suelo para el cultivo del ma\u00edz es de 7 y la planta presenta alta susceptibilidad al manejo del agua de riego, tanto a los excesos como a la falta de humedad, especialmente en etapas cr\u00edticas como desarrollo inicial, inicio de floraci\u00f3n y durante la formaci\u00f3n de elote y madurez de grano.<\/p>\n<p class=\"ContentText\" align=\"justify\">Para los efectos de determinaci\u00f3n de las \u00e1reas productivas del ma\u00edz, nos remitimos al estudio denominado &#8220;Determinaci\u00f3n del Potencial Productivo de Especies Vegetales en M\u00e9xico&#8221;, un documento elaborado bajo sistema computarizado que utiliza el Modelo de Elevaci\u00f3n Digital y las variables del clima y suelo.<\/p>\n<p class=\"ContentText\" align=\"justify\">Con los tres componentes de la base de datos se generaron im\u00e1genes de elevaci\u00f3n, pendientes, clima y tipo de suelo y se reclasificaron de acuerdo a los requerimientos del cultivo, para identificar las \u00e1reas de mayor potencial productivo.<\/p>\n<p class=\"ContentText\" align=\"justify\">Este trabajo fue elaborado en 1993 por el distrito de Desarrollo Rural Los Mochis, con el apoyo de los paquetes tecnol\u00f3gicos generados por el Campo Experimental Valle del Fuerte y considera b\u00e1sicamente los componentes de:<\/p>\n<h5 class=\"contentTitle\" align=\"justify\"><strong>Caracter\u00edsticas Ed\u00e1ficas<\/strong><\/h5>\n<ul>\n<li>Altitud<\/li>\n<li>Pendiente<\/li>\n<li>Profundidades del suelo<\/li>\n<\/ul>\n<p class=\"contentTitle\" align=\"justify\"><strong>Caracter\u00edsticas Clim\u00e1ticas:<\/strong><\/p>\n<ul>\n<li>Precipitaci\u00f3n Anual<\/li>\n<li>Indice precipitaci\u00f3n\/Evaporaci\u00f3n<\/li>\n<li>Temperatura media Anual<\/li>\n<\/ul>\n<h5 class=\"contentTitle\" align=\"justify\">Oportunidad de la siembra<\/h5>\n<p class=\"ContentText\" align=\"justify\">Una parte importante de los componentes del rendimiento est\u00e1 determinado por el manejo del cultivo.<\/p>\n<p class=\"ContentText\" align=\"justify\">La fecha de siembra tiene especial importancia, por lo que han tenido que hacerse muchas evaluaciones para determinar el mejor per\u00edodo para el establecimiento del cultivo, en funci\u00f3n no solamente del rendimiento potencialmente alcanzable, sino considerando tambi\u00e9n los riesgos a que se expone el cultivo, por las condiciones clim\u00e1ticas imperantes en cada una de las etapas de su desarrollo.<\/p>\n<p class=\"ContentText\" align=\"justify\">El Ing. Salvador Peraza Medina, investigador de ma\u00edz del Campo Experimental, sostiene que eventualmente podr\u00edan obtenerse rendimientos satisfactorios fuera de los per\u00edodos \u00f3ptimos recomendados, pero los riesgos no compensan esa eventual ganancia de producci\u00f3n.<\/p>\n<p class=\"ContentText\" align=\"justify\">Debe considerarse que esta gr\u00e1fica es representativa de todos los materiales evaluados hasta hace tres a\u00f1os, pero la investigaci\u00f3n desarrollada tanto por el INIFAP como por empresas privadas hacia la obtenci\u00f3n de nuevos h\u00edbridos est\u00e1 buscando materiales que se adapten a determinadas condiciones de clima.<\/p>\n<p class=\"ContentText\" align=\"justify\">De esta forma, el productor debe elegir el material que mejor se adapte, no solo a las caracter\u00edsticas de su terreno y manejo, sino tambi\u00e9n al per\u00edodo en que har\u00e1 la siembra.<\/p>\n","protected":false},"excerpt":{"rendered":"<p>A pesar de las zancadillas que una y mil veces han puesto los funcionarios de las dependencias del ramo agropecuario, los productores de ma\u00edz no han<span class=\"excerpt-hellip\"> [\u2026]<\/span><\/p>\n","protected":false},"author":4,"featured_media":0,"comment_status":"open","ping_status":"open","sticky":false,"template":"","format":"image","meta":{"ngg_post_thumbnail":0,"jetpack_post_was_ever_published":false,"_jetpack_newsletter_access":"","_jetpack_newsletter_tier_id":0,"footnotes":""},"categories":[5],"tags":[],"acf":[],"jetpack_featured_media_url":"","jetpack_sharing_enabled":true,"jetpack_shortlink":"https:\/\/wp.me\/p5Aau3-fT","_links":{"self":[{"href":"https:\/\/panorama-agro.com\/index.php?rest_route=\/wp\/v2\/posts\/985"}],"collection":[{"href":"https:\/\/panorama-agro.com\/index.php?rest_route=\/wp\/v2\/posts"}],"about":[{"href":"https:\/\/panorama-agro.com\/index.php?rest_route=\/wp\/v2\/types\/post"}],"author":[{"embeddable":true,"href":"https:\/\/panorama-agro.com\/index.php?rest_route=\/wp\/v2\/users\/4"}],"replies":[{"embeddable":true,"href":"https:\/\/panorama-agro.com\/index.php?rest_route=%2Fwp%2Fv2%2Fcomments&post=985"}],"version-history":[{"count":2,"href":"https:\/\/panorama-agro.com\/index.php?rest_route=\/wp\/v2\/posts\/985\/revisions"}],"predecessor-version":[{"id":994,"href":"https:\/\/panorama-agro.com\/index.php?rest_route=\/wp\/v2\/posts\/985\/revisions\/994"}],"wp:attachment":[{"href":"https:\/\/panorama-agro.com\/index.php?rest_route=%2Fwp%2Fv2%2Fmedia&parent=985"}],"wp:term":[{"taxonomy":"category","embeddable":true,"href":"https:\/\/panorama-agro.com\/index.php?rest_route=%2Fwp%2Fv2%2Fcategories&post=985"},{"taxonomy":"post_tag","embeddable":true,"href":"https:\/\/panorama-agro.com\/index.php?rest_route=%2Fwp%2Fv2%2Ftags&post=985"}],"curies":[{"name":"wp","href":"https:\/\/api.w.org\/{rel}","templated":true}]}}